{"id":2064,"date":"2021-12-19T21:39:22","date_gmt":"2021-12-19T21:39:22","guid":{"rendered":"https:\/\/centering.hr\/?p=2064"},"modified":"2021-12-31T11:06:12","modified_gmt":"2021-12-31T11:06:12","slug":"new-karcher-store-in-varazdin","status":"publish","type":"post","link":"https:\/\/centering.hr\/hr\/2021\/12\/19\/new-karcher-store-in-varazdin\/","title":{"rendered":"Nova K\u00e4rcher trgovina u Vara\u017edinu"},"content":{"rendered":"<p>K\u00e4rcher launched it&#8217;s new K\u00e4rcher Center earlier this month in Vara\u017edin, which is their first specialised shop in the northern Croatia!<\/p>\n<p>This family-owned global leader in cleaning technology is famous for it&#8217;s wide range of quality pressure washers, steam cleanes, window vacs and more. But K\u00e4rcher is more than home-cleaning brand, because K\u00e4rcher&#8217;s professional line offers variety of products for indoor and outdoor cleaning and maintenance of large areas.<\/p>\n<p>We organized an out-of-home campaign consisted of two phases: teaser and reveal after the shop launch. As an addition to the reveal phase, we planned advertising in regional media with strong integration with the media&#8217;s program, e.g. a prize game in cooperation with Radio kaj.<\/p>\n<p>To have a unique radio jingles, we recorded people from Vara\u017edin saying the billboard headlines in their local dialect &#8211; which then became the recognizable introduction to K\u00e4rcher&#8217;s radio jingles in the northern Croatia. Billboard&#8217;s headlines were:<\/p>\n<ol>\n<li>How do you say &#8211; <em>sauger<\/em> or <em>usisava\u010d<\/em> [two synonyms]<\/li>\n<li>You say &#8211; K\u00e4rcher!<\/li>\n<\/ol>\n<p>More on the K\u00e4rcher&#8217;s offer can be found at <a href=\"https:\/\/www.kaercher.com\/int\/\">www.kaercher.com<\/a>.<\/p>\n<p><iframe style=\"border: none; overflow: hidden;\" src=\"https:\/\/www.facebook.com\/plugins\/post.php?href=https%3A%2F%2Fwww.facebook.com%2Fpermalink.php%3Fstory_fbid%3D456448952738101%26id%3D108238564225810&amp;show_text=true&amp;width=500\" width=\"500\" height=\"531\" frameborder=\"0\" scrolling=\"no\" allowfullscreen=\"allowfullscreen\"><\/iframe><\/p>\n","protected":false},"excerpt":{"rendered":"<p>K\u00e4rcher launched it&#8217;s new K\u00e4rcher Center earlier this month in Vara\u017edin, which is their first specialised shop in the northern Croatia! This family-owned global leader in cleaning technology is famous for it&#8217;s wide range of quality pressure washers, steam cleanes, window vacs and more. But K\u00e4rcher is more than home-cleaning brand, because K\u00e4rcher&#8217;s professional line [&hellip;]<\/p>\n","protected":false},"author":1,"featured_media":2065,"comment_status":"open","ping_status":"open","sticky":false,"template":"","format":"standard","meta":{"footnotes":""},"categories":[1],"tags":[6,5,7],"class_list":["post-2064","post","type-post","status-publish","format-standard","has-post-thumbnail","hentry","category-blog","tag-client","tag-karcher","tag-media-buying"],"blocksy_meta":{"styles_descriptor":{"styles":{"desktop":"","tablet":"","mobile":""},"google_fonts":[],"version":4}},"yoast_head":"<!-- This site is optimized with the Yoast SEO plugin v27.5 - https:\/\/yoast.com\/product\/yoast-seo-wordpress\/ -->\n<title>New K\u00e4rcher store in Vara\u017edin - Centering<\/title>\n<meta name=\"robots\" content=\"index, follow, max-snippet:-1, max-image-preview:large, max-video-preview:-1\" \/>\n<link rel=\"canonical\" href=\"https:\/\/centering.hr\/hr\/2021\/12\/19\/new-karcher-store-in-varazdin\/\" \/>\n<meta property=\"og:locale\" content=\"hr_HR\" \/>\n<meta property=\"og:type\" content=\"article\" \/>\n<meta property=\"og:title\" content=\"New K\u00e4rcher store in Vara\u017edin - Centering\" \/>\n<meta property=\"og:description\" content=\"K\u00e4rcher launched it&#8217;s new K\u00e4rcher Center earlier this month in Vara\u017edin, which is their first specialised shop in the northern Croatia! This family-owned global leader in cleaning technology is famous for it&#8217;s wide range of quality pressure washers, steam cleanes, window vacs and more. But K\u00e4rcher is more than home-cleaning brand, because K\u00e4rcher&#8217;s professional line [&hellip;]\" \/>\n<meta property=\"og:url\" content=\"https:\/\/centering.hr\/hr\/2021\/12\/19\/new-karcher-store-in-varazdin\/\" \/>\n<meta property=\"og:site_name\" content=\"Centering\" \/>\n<meta property=\"article:published_time\" content=\"2021-12-19T21:39:22+00:00\" \/>\n<meta property=\"article:modified_time\" content=\"2021-12-31T11:06:12+00:00\" \/>\n<meta property=\"og:image\" content=\"https:\/\/centering.hr\/wp-content\/uploads\/2021\/12\/Post_Karcher_billboard_2021.jpg\" \/>\n\t<meta property=\"og:image:width\" content=\"1280\" \/>\n\t<meta property=\"og:image:height\" content=\"960\" \/>\n\t<meta property=\"og:image:type\" content=\"image\/jpeg\" \/>\n<meta name=\"author\" content=\"admin\" \/>\n<meta name=\"twitter:card\" content=\"summary_large_image\" \/>\n<meta name=\"twitter:label1\" content=\"Napisao\/la\" \/>\n\t<meta name=\"twitter:data1\" content=\"admin\" \/>\n\t<meta name=\"twitter:label2\" content=\"Procijenjeno vrijeme \u010ditanja\" \/>\n\t<meta name=\"twitter:data2\" content=\"1 minuta\" \/>\n<script type=\"application\/ld+json\" class=\"yoast-schema-graph\">{\"@context\":\"https:\\\/\\\/schema.org\",\"@graph\":[{\"@type\":\"Article\",\"@id\":\"https:\\\/\\\/centering.hr\\\/2021\\\/12\\\/19\\\/new-karcher-store-in-varazdin\\\/#article\",\"isPartOf\":{\"@id\":\"https:\\\/\\\/centering.hr\\\/2021\\\/12\\\/19\\\/new-karcher-store-in-varazdin\\\/\"},\"author\":{\"name\":\"admin\",\"@id\":\"https:\\\/\\\/centering.hr\\\/#\\\/schema\\\/person\\\/63a976a1d01f30805d0edf7b003828eb\"},\"headline\":\"New K\u00e4rcher store in Vara\u017edin\",\"datePublished\":\"2021-12-19T21:39:22+00:00\",\"dateModified\":\"2021-12-31T11:06:12+00:00\",\"mainEntityOfPage\":{\"@id\":\"https:\\\/\\\/centering.hr\\\/2021\\\/12\\\/19\\\/new-karcher-store-in-varazdin\\\/\"},\"wordCount\":201,\"commentCount\":0,\"publisher\":{\"@id\":\"https:\\\/\\\/centering.hr\\\/#organization\"},\"image\":{\"@id\":\"https:\\\/\\\/centering.hr\\\/2021\\\/12\\\/19\\\/new-karcher-store-in-varazdin\\\/#primaryimage\"},\"thumbnailUrl\":\"https:\\\/\\\/centering.hr\\\/wp-content\\\/uploads\\\/2021\\\/12\\\/Post_Karcher_billboard_2021.jpg\",\"keywords\":[\"client\",\"karcher\",\"media buying\"],\"articleSection\":[\"blog\"],\"inLanguage\":\"hr\",\"potentialAction\":[{\"@type\":\"CommentAction\",\"name\":\"Comment\",\"target\":[\"https:\\\/\\\/centering.hr\\\/2021\\\/12\\\/19\\\/new-karcher-store-in-varazdin\\\/#respond\"]}]},{\"@type\":\"WebPage\",\"@id\":\"https:\\\/\\\/centering.hr\\\/2021\\\/12\\\/19\\\/new-karcher-store-in-varazdin\\\/\",\"url\":\"https:\\\/\\\/centering.hr\\\/2021\\\/12\\\/19\\\/new-karcher-store-in-varazdin\\\/\",\"name\":\"New K\u00e4rcher store in Vara\u017edin - Centering\",\"isPartOf\":{\"@id\":\"https:\\\/\\\/centering.hr\\\/#website\"},\"primaryImageOfPage\":{\"@id\":\"https:\\\/\\\/centering.hr\\\/2021\\\/12\\\/19\\\/new-karcher-store-in-varazdin\\\/#primaryimage\"},\"image\":{\"@id\":\"https:\\\/\\\/centering.hr\\\/2021\\\/12\\\/19\\\/new-karcher-store-in-varazdin\\\/#primaryimage\"},\"thumbnailUrl\":\"https:\\\/\\\/centering.hr\\\/wp-content\\\/uploads\\\/2021\\\/12\\\/Post_Karcher_billboard_2021.jpg\",\"datePublished\":\"2021-12-19T21:39:22+00:00\",\"dateModified\":\"2021-12-31T11:06:12+00:00\",\"breadcrumb\":{\"@id\":\"https:\\\/\\\/centering.hr\\\/2021\\\/12\\\/19\\\/new-karcher-store-in-varazdin\\\/#breadcrumb\"},\"inLanguage\":\"hr\",\"potentialAction\":[{\"@type\":\"ReadAction\",\"target\":[\"https:\\\/\\\/centering.hr\\\/2021\\\/12\\\/19\\\/new-karcher-store-in-varazdin\\\/\"]}]},{\"@type\":\"ImageObject\",\"inLanguage\":\"hr\",\"@id\":\"https:\\\/\\\/centering.hr\\\/2021\\\/12\\\/19\\\/new-karcher-store-in-varazdin\\\/#primaryimage\",\"url\":\"https:\\\/\\\/centering.hr\\\/wp-content\\\/uploads\\\/2021\\\/12\\\/Post_Karcher_billboard_2021.jpg\",\"contentUrl\":\"https:\\\/\\\/centering.hr\\\/wp-content\\\/uploads\\\/2021\\\/12\\\/Post_Karcher_billboard_2021.jpg\",\"width\":1280,\"height\":960,\"caption\":\"Karcher billboard Varazdin\"},{\"@type\":\"BreadcrumbList\",\"@id\":\"https:\\\/\\\/centering.hr\\\/2021\\\/12\\\/19\\\/new-karcher-store-in-varazdin\\\/#breadcrumb\",\"itemListElement\":[{\"@type\":\"ListItem\",\"position\":1,\"name\":\"Home\",\"item\":\"https:\\\/\\\/centering.hr\\\/hr\\\/\"},{\"@type\":\"ListItem\",\"position\":2,\"name\":\"New K\u00e4rcher store in Vara\u017edin\"}]},{\"@type\":\"WebSite\",\"@id\":\"https:\\\/\\\/centering.hr\\\/#website\",\"url\":\"https:\\\/\\\/centering.hr\\\/\",\"name\":\"Centering\",\"description\":\"marketing i pr\",\"publisher\":{\"@id\":\"https:\\\/\\\/centering.hr\\\/#organization\"},\"potentialAction\":[{\"@type\":\"SearchAction\",\"target\":{\"@type\":\"EntryPoint\",\"urlTemplate\":\"https:\\\/\\\/centering.hr\\\/?s={search_term_string}\"},\"query-input\":{\"@type\":\"PropertyValueSpecification\",\"valueRequired\":true,\"valueName\":\"search_term_string\"}}],\"inLanguage\":\"hr\"},{\"@type\":\"Organization\",\"@id\":\"https:\\\/\\\/centering.hr\\\/#organization\",\"name\":\"F.O. Centering\",\"url\":\"https:\\\/\\\/centering.hr\\\/\",\"logo\":{\"@type\":\"ImageObject\",\"inLanguage\":\"hr\",\"@id\":\"https:\\\/\\\/centering.hr\\\/#\\\/schema\\\/logo\\\/image\\\/\",\"url\":\"https:\\\/\\\/centering.hr\\\/wp-content\\\/uploads\\\/2021\\\/12\\\/logo-foc-centering-white-stroke.png\",\"contentUrl\":\"https:\\\/\\\/centering.hr\\\/wp-content\\\/uploads\\\/2021\\\/12\\\/logo-foc-centering-white-stroke.png\",\"width\":800,\"height\":86,\"caption\":\"F.O. Centering\"},\"image\":{\"@id\":\"https:\\\/\\\/centering.hr\\\/#\\\/schema\\\/logo\\\/image\\\/\"},\"sameAs\":[\"https:\\\/\\\/www.instagram.com\\\/centering.agency\\\/?hl=hr\",\"https:\\\/\\\/hr.linkedin.com\\\/company\\\/centering-agency\"]},{\"@type\":\"Person\",\"@id\":\"https:\\\/\\\/centering.hr\\\/#\\\/schema\\\/person\\\/63a976a1d01f30805d0edf7b003828eb\",\"name\":\"admin\",\"image\":{\"@type\":\"ImageObject\",\"inLanguage\":\"hr\",\"@id\":\"https:\\\/\\\/secure.gravatar.com\\\/avatar\\\/ce5cb1c09b1fd19981c425e3c82a4d4beacb6fa33d8cf9b7533813e4e7fe4314?s=96&d=mm&r=g\",\"url\":\"https:\\\/\\\/secure.gravatar.com\\\/avatar\\\/ce5cb1c09b1fd19981c425e3c82a4d4beacb6fa33d8cf9b7533813e4e7fe4314?s=96&d=mm&r=g\",\"contentUrl\":\"https:\\\/\\\/secure.gravatar.com\\\/avatar\\\/ce5cb1c09b1fd19981c425e3c82a4d4beacb6fa33d8cf9b7533813e4e7fe4314?s=96&d=mm&r=g\",\"caption\":\"admin\"},\"sameAs\":[\"https:\\\/\\\/centering.hr\"],\"url\":\"https:\\\/\\\/centering.hr\\\/hr\\\/author\\\/admin\\\/\"}]}<\/script>\n<!-- \/ Yoast SEO plugin. -->","yoast_head_json":{"title":"New K\u00e4rcher store in Vara\u017edin - Centering","robots":{"index":"index","follow":"follow","max-snippet":"max-snippet:-1","max-image-preview":"max-image-preview:large","max-video-preview":"max-video-preview:-1"},"canonical":"https:\/\/centering.hr\/hr\/2021\/12\/19\/new-karcher-store-in-varazdin\/","og_locale":"hr_HR","og_type":"article","og_title":"New K\u00e4rcher store in Vara\u017edin - Centering","og_description":"K\u00e4rcher launched it&#8217;s new K\u00e4rcher Center earlier this month in Vara\u017edin, which is their first specialised shop in the northern Croatia! This family-owned global leader in cleaning technology is famous for it&#8217;s wide range of quality pressure washers, steam cleanes, window vacs and more. But K\u00e4rcher is more than home-cleaning brand, because K\u00e4rcher&#8217;s professional line [&hellip;]","og_url":"https:\/\/centering.hr\/hr\/2021\/12\/19\/new-karcher-store-in-varazdin\/","og_site_name":"Centering","article_published_time":"2021-12-19T21:39:22+00:00","article_modified_time":"2021-12-31T11:06:12+00:00","og_image":[{"width":1280,"height":960,"url":"https:\/\/centering.hr\/wp-content\/uploads\/2021\/12\/Post_Karcher_billboard_2021.jpg","type":"image\/jpeg"}],"author":"admin","twitter_card":"summary_large_image","twitter_misc":{"Napisao\/la":"admin","Procijenjeno vrijeme \u010ditanja":"1 minuta"},"schema":{"@context":"https:\/\/schema.org","@graph":[{"@type":"Article","@id":"https:\/\/centering.hr\/2021\/12\/19\/new-karcher-store-in-varazdin\/#article","isPartOf":{"@id":"https:\/\/centering.hr\/2021\/12\/19\/new-karcher-store-in-varazdin\/"},"author":{"name":"admin","@id":"https:\/\/centering.hr\/#\/schema\/person\/63a976a1d01f30805d0edf7b003828eb"},"headline":"New K\u00e4rcher store in Vara\u017edin","datePublished":"2021-12-19T21:39:22+00:00","dateModified":"2021-12-31T11:06:12+00:00","mainEntityOfPage":{"@id":"https:\/\/centering.hr\/2021\/12\/19\/new-karcher-store-in-varazdin\/"},"wordCount":201,"commentCount":0,"publisher":{"@id":"https:\/\/centering.hr\/#organization"},"image":{"@id":"https:\/\/centering.hr\/2021\/12\/19\/new-karcher-store-in-varazdin\/#primaryimage"},"thumbnailUrl":"https:\/\/centering.hr\/wp-content\/uploads\/2021\/12\/Post_Karcher_billboard_2021.jpg","keywords":["client","karcher","media buying"],"articleSection":["blog"],"inLanguage":"hr","potentialAction":[{"@type":"CommentAction","name":"Comment","target":["https:\/\/centering.hr\/2021\/12\/19\/new-karcher-store-in-varazdin\/#respond"]}]},{"@type":"WebPage","@id":"https:\/\/centering.hr\/2021\/12\/19\/new-karcher-store-in-varazdin\/","url":"https:\/\/centering.hr\/2021\/12\/19\/new-karcher-store-in-varazdin\/","name":"New K\u00e4rcher store in Vara\u017edin - Centering","isPartOf":{"@id":"https:\/\/centering.hr\/#website"},"primaryImageOfPage":{"@id":"https:\/\/centering.hr\/2021\/12\/19\/new-karcher-store-in-varazdin\/#primaryimage"},"image":{"@id":"https:\/\/centering.hr\/2021\/12\/19\/new-karcher-store-in-varazdin\/#primaryimage"},"thumbnailUrl":"https:\/\/centering.hr\/wp-content\/uploads\/2021\/12\/Post_Karcher_billboard_2021.jpg","datePublished":"2021-12-19T21:39:22+00:00","dateModified":"2021-12-31T11:06:12+00:00","breadcrumb":{"@id":"https:\/\/centering.hr\/2021\/12\/19\/new-karcher-store-in-varazdin\/#breadcrumb"},"inLanguage":"hr","potentialAction":[{"@type":"ReadAction","target":["https:\/\/centering.hr\/2021\/12\/19\/new-karcher-store-in-varazdin\/"]}]},{"@type":"ImageObject","inLanguage":"hr","@id":"https:\/\/centering.hr\/2021\/12\/19\/new-karcher-store-in-varazdin\/#primaryimage","url":"https:\/\/centering.hr\/wp-content\/uploads\/2021\/12\/Post_Karcher_billboard_2021.jpg","contentUrl":"https:\/\/centering.hr\/wp-content\/uploads\/2021\/12\/Post_Karcher_billboard_2021.jpg","width":1280,"height":960,"caption":"Karcher billboard Varazdin"},{"@type":"BreadcrumbList","@id":"https:\/\/centering.hr\/2021\/12\/19\/new-karcher-store-in-varazdin\/#breadcrumb","itemListElement":[{"@type":"ListItem","position":1,"name":"Home","item":"https:\/\/centering.hr\/hr\/"},{"@type":"ListItem","position":2,"name":"New K\u00e4rcher store in Vara\u017edin"}]},{"@type":"WebSite","@id":"https:\/\/centering.hr\/#website","url":"https:\/\/centering.hr\/","name":"Centering","description":"marketing i pr","publisher":{"@id":"https:\/\/centering.hr\/#organization"},"potentialAction":[{"@type":"SearchAction","target":{"@type":"EntryPoint","urlTemplate":"https:\/\/centering.hr\/?s={search_term_string}"},"query-input":{"@type":"PropertyValueSpecification","valueRequired":true,"valueName":"search_term_string"}}],"inLanguage":"hr"},{"@type":"Organization","@id":"https:\/\/centering.hr\/#organization","name":"F.O. Centering","url":"https:\/\/centering.hr\/","logo":{"@type":"ImageObject","inLanguage":"hr","@id":"https:\/\/centering.hr\/#\/schema\/logo\/image\/","url":"https:\/\/centering.hr\/wp-content\/uploads\/2021\/12\/logo-foc-centering-white-stroke.png","contentUrl":"https:\/\/centering.hr\/wp-content\/uploads\/2021\/12\/logo-foc-centering-white-stroke.png","width":800,"height":86,"caption":"F.O. Centering"},"image":{"@id":"https:\/\/centering.hr\/#\/schema\/logo\/image\/"},"sameAs":["https:\/\/www.instagram.com\/centering.agency\/?hl=hr","https:\/\/hr.linkedin.com\/company\/centering-agency"]},{"@type":"Person","@id":"https:\/\/centering.hr\/#\/schema\/person\/63a976a1d01f30805d0edf7b003828eb","name":"admin","image":{"@type":"ImageObject","inLanguage":"hr","@id":"https:\/\/secure.gravatar.com\/avatar\/ce5cb1c09b1fd19981c425e3c82a4d4beacb6fa33d8cf9b7533813e4e7fe4314?s=96&d=mm&r=g","url":"https:\/\/secure.gravatar.com\/avatar\/ce5cb1c09b1fd19981c425e3c82a4d4beacb6fa33d8cf9b7533813e4e7fe4314?s=96&d=mm&r=g","contentUrl":"https:\/\/secure.gravatar.com\/avatar\/ce5cb1c09b1fd19981c425e3c82a4d4beacb6fa33d8cf9b7533813e4e7fe4314?s=96&d=mm&r=g","caption":"admin"},"sameAs":["https:\/\/centering.hr"],"url":"https:\/\/centering.hr\/hr\/author\/admin\/"}]}},"_links":{"self":[{"href":"https:\/\/centering.hr\/hr\/wp-json\/wp\/v2\/posts\/2064","targetHints":{"allow":["GET"]}}],"collection":[{"href":"https:\/\/centering.hr\/hr\/wp-json\/wp\/v2\/posts"}],"about":[{"href":"https:\/\/centering.hr\/hr\/wp-json\/wp\/v2\/types\/post"}],"author":[{"embeddable":true,"href":"https:\/\/centering.hr\/hr\/wp-json\/wp\/v2\/users\/1"}],"replies":[{"embeddable":true,"href":"https:\/\/centering.hr\/hr\/wp-json\/wp\/v2\/comments?post=2064"}],"version-history":[{"count":4,"href":"https:\/\/centering.hr\/hr\/wp-json\/wp\/v2\/posts\/2064\/revisions"}],"predecessor-version":[{"id":2100,"href":"https:\/\/centering.hr\/hr\/wp-json\/wp\/v2\/posts\/2064\/revisions\/2100"}],"wp:featuredmedia":[{"embeddable":true,"href":"https:\/\/centering.hr\/hr\/wp-json\/wp\/v2\/media\/2065"}],"wp:attachment":[{"href":"https:\/\/centering.hr\/hr\/wp-json\/wp\/v2\/media?parent=2064"}],"wp:term":[{"taxonomy":"category","embeddable":true,"href":"https:\/\/centering.hr\/hr\/wp-json\/wp\/v2\/categories?post=2064"},{"taxonomy":"post_tag","embeddable":true,"href":"https:\/\/centering.hr\/hr\/wp-json\/wp\/v2\/tags?post=2064"}],"curies":[{"name":"wp","href":"https:\/\/api.w.org\/{rel}","templated":true}]}}