{
    "id": 705,
    "date": "2021-11-30T12:13:01",
    "date_gmt": "2021-11-30T12:13:01",
    "guid": {
        "rendered": "https:\/\/centering.hr\/?page_id=705"
    },
    "modified": "2024-08-28T14:31:03",
    "modified_gmt": "2024-08-28T14:31:03",
    "slug": "news",
    "status": "publish",
    "type": "page",
    "link": "https:\/\/centering.hr\/en\/news\/",
    "title": {
        "rendered": "News"
    },
    "content": {
        "rendered": "<div data-elementor-type=\"wp-page\" data-elementor-id=\"705\" class=\"elementor elementor-705\">\n\t\t\t\t\t\t<section class=\"elementor-section elementor-top-section elementor-element elementor-element-c4c5ed3 elementor-section-boxed elementor-section-height-default elementor-section-height-default\" data-id=\"c4c5ed3\" data-element_type=\"section\" data-e-type=\"section\" data-settings=\"{&quot;background_background&quot;:&quot;gradient&quot;,&quot;shape_divider_bottom&quot;:&quot;pyramids&quot;,&quot;shape_divider_bottom_negative&quot;:&quot;yes&quot;}\">\n\t\t\t\t\t<div class=\"elementor-shape elementor-shape-bottom\" aria-hidden=\"true\" data-negative=\"true\">\n\t\t\t<svg xmlns=\"http:\/\/www.w3.org\/2000\/svg\" viewbox=\"0 0 1000 100\" preserveaspectratio=\"none\">\n\t<path class=\"elementor-shape-fill\" d=\"M761.9,40.6L643.1,24L333.9,93.8L0.1,1H0v99h1000V1\"\/>\n<\/svg>\t\t<\/div>\n\t\t\t\t\t<div class=\"elementor-container elementor-column-gap-default\">\n\t\t\t\t\t<div class=\"elementor-column elementor-col-50 elementor-top-column elementor-element elementor-element-1a0ada6\" data-id=\"1a0ada6\" data-element_type=\"column\" data-e-type=\"column\">\n\t\t\t<div class=\"elementor-widget-wrap elementor-element-populated\">\n\t\t\t\t\t\t<div class=\"elementor-element elementor-element-2d85cfe elementor-widget elementor-widget-heading\" data-id=\"2d85cfe\" data-element_type=\"widget\" data-e-type=\"widget\" data-widget_type=\"heading.default\">\n\t\t\t\t<div class=\"elementor-widget-container\">\n\t\t\t\t\t<h2 class=\"elementor-heading-title elementor-size-default\">news <\/h2>\t\t\t\t<\/div>\n\t\t\t\t<\/div>\n\t\t\t\t<div class=\"elementor-element elementor-element-c9be07e elementor-widget elementor-widget-text-editor\" data-id=\"c9be07e\" data-element_type=\"widget\" data-e-type=\"widget\" data-widget_type=\"text-editor.default\">\n\t\t\t\t<div class=\"elementor-widget-container\">\n\t\t\t\t\t\t\t\t\t<p>from our agency + free tips&amp;tricks<\/p>\t\t\t\t\t\t\t\t<\/div>\n\t\t\t\t<\/div>\n\t\t\t\t\t<\/div>\n\t\t<\/div>\n\t\t\t\t<div class=\"elementor-column elementor-col-50 elementor-top-column elementor-element elementor-element-c54ff5e\" data-id=\"c54ff5e\" data-element_type=\"column\" data-e-type=\"column\">\n\t\t\t<div class=\"elementor-widget-wrap elementor-element-populated\">\n\t\t\t\t\t\t<div class=\"elementor-element elementor-element-4b3a094 elementor-widget elementor-widget-image\" data-id=\"4b3a094\" data-element_type=\"widget\" data-e-type=\"widget\" data-widget_type=\"image.default\">\n\t\t\t\t<div class=\"elementor-widget-container\">\n\t\t\t\t\t\t\t\t\t\t\t\t\t\t\t<img fetchpriority=\"high\" decoding=\"async\" width=\"1900\" height=\"1267\" src=\"https:\/\/centering.hr\/wp-content\/uploads\/2021\/12\/fo-centering-agency-news.jpg\" class=\"attachment-2048x2048 size-2048x2048 wp-image-1793\" alt=\"F.O. Centering News\" srcset=\"https:\/\/centering.hr\/wp-content\/uploads\/2021\/12\/fo-centering-agency-news.jpg 1900w, https:\/\/centering.hr\/wp-content\/uploads\/2021\/12\/fo-centering-agency-news-300x200.jpg 300w, https:\/\/centering.hr\/wp-content\/uploads\/2021\/12\/fo-centering-agency-news-1024x683.jpg 1024w, https:\/\/centering.hr\/wp-content\/uploads\/2021\/12\/fo-centering-agency-news-768x512.jpg 768w, https:\/\/centering.hr\/wp-content\/uploads\/2021\/12\/fo-centering-agency-news-1536x1024.jpg 1536w\" sizes=\"(max-width: 1900px) 100vw, 1900px\" \/>\t\t\t\t\t\t\t\t\t\t\t\t\t\t\t<\/div>\n\t\t\t\t<\/div>\n\t\t\t\t\t<\/div>\n\t\t<\/div>\n\t\t\t\t\t<\/div>\n\t\t<\/section>\n\t\t\t\t<section class=\"elementor-section elementor-top-section elementor-element elementor-element-c73628f elementor-section-boxed elementor-section-height-default elementor-section-height-default\" data-id=\"c73628f\" data-element_type=\"section\" data-e-type=\"section\" data-settings=\"{&quot;background_background&quot;:&quot;classic&quot;}\">\n\t\t\t\t\t\t<div class=\"elementor-container elementor-column-gap-default\">\n\t\t\t\t\t<div class=\"elementor-column elementor-col-100 elementor-top-column elementor-element elementor-element-ffdcd09\" data-id=\"ffdcd09\" data-element_type=\"column\" data-e-type=\"column\">\n\t\t\t<div class=\"elementor-widget-wrap elementor-element-populated\">\n\t\t\t\t\t\t<div class=\"elementor-element elementor-element-52e604d elementor-grid-3 elementor-grid-tablet-2 elementor-grid-mobile-1 elementor-posts--thumbnail-top elementor-widget elementor-widget-posts\" data-id=\"52e604d\" data-element_type=\"widget\" data-e-type=\"widget\" data-settings=\"{&quot;pagination_type&quot;:&quot;numbers_and_prev_next&quot;,&quot;classic_row_gap&quot;:{&quot;unit&quot;:&quot;px&quot;,&quot;size&quot;:60,&quot;sizes&quot;:[]},&quot;classic_columns&quot;:&quot;3&quot;,&quot;classic_columns_tablet&quot;:&quot;2&quot;,&quot;classic_columns_mobile&quot;:&quot;1&quot;,&quot;classic_row_gap_tablet&quot;:{&quot;unit&quot;:&quot;px&quot;,&quot;size&quot;:&quot;&quot;,&quot;sizes&quot;:[]},&quot;classic_row_gap_mobile&quot;:{&quot;unit&quot;:&quot;px&quot;,&quot;size&quot;:&quot;&quot;,&quot;sizes&quot;:[]}}\" data-widget_type=\"posts.classic\">\n\t\t\t\t<div class=\"elementor-widget-container\">\n\t\t\t\t\t\t\t<div class=\"elementor-posts-container elementor-posts elementor-posts--skin-classic elementor-grid\">\n\t\t\t\t<article class=\"elementor-post elementor-grid-item post-2364 post type-post status-publish format-standard has-post-thumbnail hentry category-blog\">\n\t\t\t\t<a class=\"elementor-post__thumbnail__link\" href=\"https:\/\/centering.hr\/en\/2026\/03\/03\/zaposljavamo-2\/\" >\n\t\t\t<div class=\"elementor-post__thumbnail\"><img decoding=\"async\" width=\"1024\" height=\"576\" src=\"https:\/\/centering.hr\/wp-content\/uploads\/2026\/03\/web-1024x576.jpg\" class=\"attachment-large size-large wp-image-2365\" alt=\"\" srcset=\"https:\/\/centering.hr\/wp-content\/uploads\/2026\/03\/web-1024x576.jpg 1024w, https:\/\/centering.hr\/wp-content\/uploads\/2026\/03\/web-300x169.jpg 300w, https:\/\/centering.hr\/wp-content\/uploads\/2026\/03\/web-768x432.jpg 768w, https:\/\/centering.hr\/wp-content\/uploads\/2026\/03\/web-1536x864.jpg 1536w, https:\/\/centering.hr\/wp-content\/uploads\/2026\/03\/web-18x10.jpg 18w, https:\/\/centering.hr\/wp-content\/uploads\/2026\/03\/web.jpg 1920w\" sizes=\"(max-width: 1024px) 100vw, 1024px\" \/><\/div>\n\t\t<\/a>\n\t\t\t\t<div class=\"elementor-post__text\">\n\t\t\t\t<h2 class=\"elementor-post__title\">\n\t\t\t<a href=\"https:\/\/centering.hr\/en\/2026\/03\/03\/zaposljavamo-2\/\" >\n\t\t\t\tZAPO\u0160LJAVAMO!\t\t\t<\/a>\n\t\t<\/h2>\n\t\t\t\t<div class=\"elementor-post__meta-data\">\n\t\t\t\t\t<span class=\"elementor-post-date\">\n\t\t\t03.03.2026.\t\t<\/span>\n\t\t\t\t<\/div>\n\t\t\t\t<div class=\"elementor-post__excerpt\">\n\t\t\t<p>O nama: Mi smo boutique komunikacijska agencija koja se bavi odnosima s javnostima, advertisingom, brendingom i strate\u0161kim pozicioniranjem. Na\u0161i klijenti su doma\u0107i i me\u0111unarodni brendovi, velike i male tvrtke, koji se bave trgovinom, logistikom, hotelijerstvom, eventima, prijevozom&#8230; a organiziramo i<\/p>\n\t\t<\/div>\n\t\t\t\t\t<a class=\"elementor-post__read-more\" href=\"https:\/\/centering.hr\/en\/2026\/03\/03\/zaposljavamo-2\/\" >\n\t\t\t\tRead more\t\t\t<\/a>\n\t\t\t\t<\/div>\n\t\t\t\t<\/article>\n\t\t\t\t<article class=\"elementor-post elementor-grid-item post-2254 post type-post status-publish format-standard has-post-thumbnail hentry category-blog\">\n\t\t\t\t<a class=\"elementor-post__thumbnail__link\" href=\"https:\/\/centering.hr\/en\/2022\/06\/23\/s-ulica-pariza-do-zapresica-fete-de-la-musique\/\" >\n\t\t\t<div class=\"elementor-post__thumbnail\"><img decoding=\"async\" width=\"1024\" height=\"683\" src=\"https:\/\/centering.hr\/wp-content\/uploads\/2022\/06\/fete_naslovna-1024x683.jpg\" class=\"attachment-large size-large wp-image-2253\" alt=\"Fete de la musique\" srcset=\"https:\/\/centering.hr\/wp-content\/uploads\/2022\/06\/fete_naslovna-1024x683.jpg 1024w, https:\/\/centering.hr\/wp-content\/uploads\/2022\/06\/fete_naslovna-300x200.jpg 300w, https:\/\/centering.hr\/wp-content\/uploads\/2022\/06\/fete_naslovna-768x512.jpg 768w, https:\/\/centering.hr\/wp-content\/uploads\/2022\/06\/fete_naslovna-1536x1024.jpg 1536w, https:\/\/centering.hr\/wp-content\/uploads\/2022\/06\/fete_naslovna-2048x1365.jpg 2048w, https:\/\/centering.hr\/wp-content\/uploads\/2022\/06\/fete_naslovna-18x12.jpg 18w\" sizes=\"(max-width: 1024px) 100vw, 1024px\" \/><\/div>\n\t\t<\/a>\n\t\t\t\t<div class=\"elementor-post__text\">\n\t\t\t\t<h2 class=\"elementor-post__title\">\n\t\t\t<a href=\"https:\/\/centering.hr\/en\/2022\/06\/23\/s-ulica-pariza-do-zapresica-fete-de-la-musique\/\" >\n\t\t\t\tS ulica Pariza do Zapre\u0161i\u0107a: F\u00eate de la Musique\t\t\t<\/a>\n\t\t<\/h2>\n\t\t\t\t<div class=\"elementor-post__meta-data\">\n\t\t\t\t\t<span class=\"elementor-post-date\">\n\t\t\t23.06.2022.\t\t<\/span>\n\t\t\t\t<\/div>\n\t\t\t\t<div class=\"elementor-post__excerpt\">\n\t\t\t<p>Po uzoru na francuski festival F\u00eate de la Musique, za klijenta Westgate Shopping City organizirali smo glazbeni festival na &#8216;ulicama&#8217; i &#8216;trgovima&#8217; trgova\u010dkog centra. Na prvom hrvatskom F\u00eate de la Musiqueu nastupali su mladi, jo\u0161 uvijek neotkriveni bendovi, kao i<\/p>\n\t\t<\/div>\n\t\t\t\t\t<a class=\"elementor-post__read-more\" href=\"https:\/\/centering.hr\/en\/2022\/06\/23\/s-ulica-pariza-do-zapresica-fete-de-la-musique\/\" >\n\t\t\t\tRead more\t\t\t<\/a>\n\t\t\t\t<\/div>\n\t\t\t\t<\/article>\n\t\t\t\t<article class=\"elementor-post elementor-grid-item post-2245 post type-post status-publish format-standard has-post-thumbnail hentry category-blog\">\n\t\t\t\t<a class=\"elementor-post__thumbnail__link\" href=\"https:\/\/centering.hr\/en\/2022\/06\/23\/zaposljavamo\/\" >\n\t\t\t<div class=\"elementor-post__thumbnail\"><img loading=\"lazy\" decoding=\"async\" width=\"1024\" height=\"640\" src=\"https:\/\/centering.hr\/wp-content\/uploads\/2022\/03\/shutterstock_557371174-1024x640.jpg\" class=\"attachment-large size-large wp-image-2173\" alt=\"Zaposljavamo\" srcset=\"https:\/\/centering.hr\/wp-content\/uploads\/2022\/03\/shutterstock_557371174-1024x640.jpg 1024w, https:\/\/centering.hr\/wp-content\/uploads\/2022\/03\/shutterstock_557371174-300x188.jpg 300w, https:\/\/centering.hr\/wp-content\/uploads\/2022\/03\/shutterstock_557371174-768x480.jpg 768w, https:\/\/centering.hr\/wp-content\/uploads\/2022\/03\/shutterstock_557371174-1536x960.jpg 1536w, https:\/\/centering.hr\/wp-content\/uploads\/2022\/03\/shutterstock_557371174-18x12.jpg 18w, https:\/\/centering.hr\/wp-content\/uploads\/2022\/03\/shutterstock_557371174.jpg 1920w\" sizes=\"(max-width: 1024px) 100vw, 1024px\" \/><\/div>\n\t\t<\/a>\n\t\t\t\t<div class=\"elementor-post__text\">\n\t\t\t\t<h2 class=\"elementor-post__title\">\n\t\t\t<a href=\"https:\/\/centering.hr\/en\/2022\/06\/23\/zaposljavamo\/\" >\n\t\t\t\tZapo\u0161ljavamo!\t\t\t<\/a>\n\t\t<\/h2>\n\t\t\t\t<div class=\"elementor-post__meta-data\">\n\t\t\t\t\t<span class=\"elementor-post-date\">\n\t\t\t23.06.2022.\t\t<\/span>\n\t\t\t\t<\/div>\n\t\t\t\t<div class=\"elementor-post__excerpt\">\n\t\t\t<p>Zahvaljuju\u0107i \u0161irenju i novim klijentima, ovog ljeta zapo\u0161ljavamo najmanje 6 novih kolegica i kolega! Pogledaj koga sve tra\u017eimo i brzo se prijavi! 1. Content writer (1 osoba, m\/\u017e\/n) Tvoji zadaci: ure\u0111ivanje i kreiranje sadr\u017eaja web stranice, osmi\u0161ljavanje i kreiranje postova<\/p>\n\t\t<\/div>\n\t\t\t\t\t<a class=\"elementor-post__read-more\" href=\"https:\/\/centering.hr\/en\/2022\/06\/23\/zaposljavamo\/\" >\n\t\t\t\tRead more\t\t\t<\/a>\n\t\t\t\t<\/div>\n\t\t\t\t<\/article>\n\t\t\t\t<article class=\"elementor-post elementor-grid-item post-2240 post type-post status-publish format-standard has-post-thumbnail hentry category-blog tag-avion tag-fly-over tag-pr tag-rimac tag-utrka\">\n\t\t\t\t<a class=\"elementor-post__thumbnail__link\" href=\"https:\/\/centering.hr\/en\/2022\/06\/23\/rimac-nevera-zvijezda-dogadaja-fly-over\/\" >\n\t\t\t<div class=\"elementor-post__thumbnail\"><img loading=\"lazy\" decoding=\"async\" width=\"1024\" height=\"644\" src=\"https:\/\/centering.hr\/wp-content\/uploads\/2022\/06\/naslovna-1024x644.jpg\" class=\"attachment-large size-large wp-image-2205\" alt=\"Rimac Nevera avion\" srcset=\"https:\/\/centering.hr\/wp-content\/uploads\/2022\/06\/naslovna-1024x644.jpg 1024w, https:\/\/centering.hr\/wp-content\/uploads\/2022\/06\/naslovna-300x189.jpg 300w, https:\/\/centering.hr\/wp-content\/uploads\/2022\/06\/naslovna-768x483.jpg 768w, https:\/\/centering.hr\/wp-content\/uploads\/2022\/06\/naslovna-1536x965.jpg 1536w, https:\/\/centering.hr\/wp-content\/uploads\/2022\/06\/naslovna-18x12.jpg 18w, https:\/\/centering.hr\/wp-content\/uploads\/2022\/06\/naslovna.jpg 2048w\" sizes=\"(max-width: 1024px) 100vw, 1024px\" \/><\/div>\n\t\t<\/a>\n\t\t\t\t<div class=\"elementor-post__text\">\n\t\t\t\t<h2 class=\"elementor-post__title\">\n\t\t\t<a href=\"https:\/\/centering.hr\/en\/2022\/06\/23\/rimac-nevera-zvijezda-dogadaja-fly-over\/\" >\n\t\t\t\tRimac Nevera &#8211; zvijezda doga\u0111aja Fly Over\t\t\t<\/a>\n\t\t<\/h2>\n\t\t\t\t<div class=\"elementor-post__meta-data\">\n\t\t\t\t\t<span class=\"elementor-post-date\">\n\t\t\t23.06.2022.\t\t<\/span>\n\t\t\t\t<\/div>\n\t\t\t\t<div class=\"elementor-post__excerpt\">\n\t\t\t<p>Najskuplji automobili na svijetu, zra\u010dne akrobacije, utrke ubrzanja i utrka elektri\u010dnog hiperautomobila Rimac Nevere i akrobatskog aviona &#8211; sve to smo imali priliku vidjeti iz prve ruke u Vara\u017edinu! Fly over je jedinstveni projekt koji za cilj ima promociju Hrvatske,<\/p>\n\t\t<\/div>\n\t\t\t\t\t<a class=\"elementor-post__read-more\" href=\"https:\/\/centering.hr\/en\/2022\/06\/23\/rimac-nevera-zvijezda-dogadaja-fly-over\/\" >\n\t\t\t\tRead more\t\t\t<\/a>\n\t\t\t\t<\/div>\n\t\t\t\t<\/article>\n\t\t\t\t<article class=\"elementor-post elementor-grid-item post-2133 post type-post status-publish format-standard has-post-thumbnail hentry category-blog\">\n\t\t\t\t<a class=\"elementor-post__thumbnail__link\" href=\"https:\/\/centering.hr\/en\/2022\/03\/02\/marko-zupa-to-jury-the-grand-prix\/\" >\n\t\t\t<div class=\"elementor-post__thumbnail\"><img loading=\"lazy\" decoding=\"async\" width=\"960\" height=\"720\" src=\"https:\/\/centering.hr\/wp-content\/uploads\/2022\/03\/marko-grand-prix.jpg\" class=\"attachment-large size-large wp-image-2134\" alt=\"\" srcset=\"https:\/\/centering.hr\/wp-content\/uploads\/2022\/03\/marko-grand-prix.jpg 960w, https:\/\/centering.hr\/wp-content\/uploads\/2022\/03\/marko-grand-prix-300x225.jpg 300w, https:\/\/centering.hr\/wp-content\/uploads\/2022\/03\/marko-grand-prix-768x576.jpg 768w, https:\/\/centering.hr\/wp-content\/uploads\/2022\/03\/marko-grand-prix-16x12.jpg 16w\" sizes=\"(max-width: 960px) 100vw, 960px\" \/><\/div>\n\t\t<\/a>\n\t\t\t\t<div class=\"elementor-post__text\">\n\t\t\t\t<h2 class=\"elementor-post__title\">\n\t\t\t<a href=\"https:\/\/centering.hr\/en\/2022\/03\/02\/marko-zupa-to-jury-the-grand-prix\/\" >\n\t\t\t\tMarko \u017dupa to jury the Grand PRix\t\t\t<\/a>\n\t\t<\/h2>\n\t\t\t\t<div class=\"elementor-post__meta-data\">\n\t\t\t\t\t<span class=\"elementor-post-date\">\n\t\t\t02.03.2022.\t\t<\/span>\n\t\t\t\t<\/div>\n\t\t\t\t<div class=\"elementor-post__excerpt\">\n\t\t\t<p>Marko \u017dupa, Executive Director at Centering Agency, is to jury the Grand PRix, communication awards awarded by Croatian Public Relations Association. This year \u017dupa will jury together with the leading communication experts from the most prestigious national communication agencies such<\/p>\n\t\t<\/div>\n\t\t\t\t\t<a class=\"elementor-post__read-more\" href=\"https:\/\/centering.hr\/en\/2022\/03\/02\/marko-zupa-to-jury-the-grand-prix\/\" >\n\t\t\t\tRead more\t\t\t<\/a>\n\t\t\t\t<\/div>\n\t\t\t\t<\/article>\n\t\t\t\t<article class=\"elementor-post elementor-grid-item post-2122 post type-post status-publish format-standard has-post-thumbnail hentry category-blog\">\n\t\t\t\t<a class=\"elementor-post__thumbnail__link\" href=\"https:\/\/centering.hr\/en\/2022\/03\/02\/zaposljavamo-saznaj-jesi-li-nam-fit\/\" >\n\t\t\t<div class=\"elementor-post__thumbnail\"><img loading=\"lazy\" decoding=\"async\" width=\"1024\" height=\"686\" src=\"https:\/\/centering.hr\/wp-content\/uploads\/2022\/03\/posao-1024x686.jpg\" class=\"attachment-large size-large wp-image-2123\" alt=\"\" srcset=\"https:\/\/centering.hr\/wp-content\/uploads\/2022\/03\/posao-1024x686.jpg 1024w, https:\/\/centering.hr\/wp-content\/uploads\/2022\/03\/posao-300x201.jpg 300w, https:\/\/centering.hr\/wp-content\/uploads\/2022\/03\/posao-768x514.jpg 768w, https:\/\/centering.hr\/wp-content\/uploads\/2022\/03\/posao-18x12.jpg 18w, https:\/\/centering.hr\/wp-content\/uploads\/2022\/03\/posao.jpg 1342w\" sizes=\"(max-width: 1024px) 100vw, 1024px\" \/><\/div>\n\t\t<\/a>\n\t\t\t\t<div class=\"elementor-post__text\">\n\t\t\t\t<h2 class=\"elementor-post__title\">\n\t\t\t<a href=\"https:\/\/centering.hr\/en\/2022\/03\/02\/zaposljavamo-saznaj-jesi-li-nam-fit\/\" >\n\t\t\t\tWE ARE HIRING\t\t\t<\/a>\n\t\t<\/h2>\n\t\t\t\t<div class=\"elementor-post__meta-data\">\n\t\t\t\t\t<span class=\"elementor-post-date\">\n\t\t\t02.03.2022.\t\t<\/span>\n\t\t\t\t<\/div>\n\t\t\t\t<div class=\"elementor-post__excerpt\">\n\t\t\t<p>We don&#8217;t have psychotheses. We don&#8217;t have trial assignments or tests. We don&#8217;t have nine circles of hell, sorry, the hiring process. Sign up for job at centering@f-o.hr, meet us, we meet You, and within few days we will let<\/p>\n\t\t<\/div>\n\t\t\t\t\t<a class=\"elementor-post__read-more\" href=\"https:\/\/centering.hr\/en\/2022\/03\/02\/zaposljavamo-saznaj-jesi-li-nam-fit\/\" >\n\t\t\t\tRead more\t\t\t<\/a>\n\t\t\t\t<\/div>\n\t\t\t\t<\/article>\n\t\t\t\t<article class=\"elementor-post elementor-grid-item post-2079 post type-post status-publish format-standard has-post-thumbnail hentry category-blog\">\n\t\t\t\t<a class=\"elementor-post__thumbnail__link\" href=\"https:\/\/centering.hr\/en\/2021\/12\/19\/f-o-centering-awarded-among-the-best-comms-projects\/\" >\n\t\t\t<div class=\"elementor-post__thumbnail\"><img loading=\"lazy\" decoding=\"async\" width=\"1024\" height=\"686\" src=\"https:\/\/centering.hr\/wp-content\/uploads\/2021\/12\/Post_Huoj_GrandPrix-1024x686.jpeg\" class=\"attachment-large size-large wp-image-2081\" alt=\"\" srcset=\"https:\/\/centering.hr\/wp-content\/uploads\/2021\/12\/Post_Huoj_GrandPrix-1024x686.jpeg 1024w, https:\/\/centering.hr\/wp-content\/uploads\/2021\/12\/Post_Huoj_GrandPrix-300x201.jpeg 300w, https:\/\/centering.hr\/wp-content\/uploads\/2021\/12\/Post_Huoj_GrandPrix-768x514.jpeg 768w, https:\/\/centering.hr\/wp-content\/uploads\/2021\/12\/Post_Huoj_GrandPrix-18x12.jpeg 18w, https:\/\/centering.hr\/wp-content\/uploads\/2021\/12\/Post_Huoj_GrandPrix.jpeg 1342w\" sizes=\"(max-width: 1024px) 100vw, 1024px\" \/><\/div>\n\t\t<\/a>\n\t\t\t\t<div class=\"elementor-post__text\">\n\t\t\t\t<h2 class=\"elementor-post__title\">\n\t\t\t<a href=\"https:\/\/centering.hr\/en\/2021\/12\/19\/f-o-centering-awarded-among-the-best-comms-projects\/\" >\n\t\t\t\tF.O. Centering awarded among the best comms projects\t\t\t<\/a>\n\t\t<\/h2>\n\t\t\t\t<div class=\"elementor-post__meta-data\">\n\t\t\t\t\t<span class=\"elementor-post-date\">\n\t\t\t19.12.2021.\t\t<\/span>\n\t\t\t\t<\/div>\n\t\t\t\t<div class=\"elementor-post__excerpt\">\n\t\t\t<p>Croatian Association for Public Relations gave traditional Grand PRix awards to the best communication projects in Croatia in 2020. Among different categories such as Public administration, NGOs, Crisis Communication, Small and Medium Enterprises, Large enterprises&#8230; we were awarded as the<\/p>\n\t\t<\/div>\n\t\t\t\t\t<a class=\"elementor-post__read-more\" href=\"https:\/\/centering.hr\/en\/2021\/12\/19\/f-o-centering-awarded-among-the-best-comms-projects\/\" >\n\t\t\t\tRead more\t\t\t<\/a>\n\t\t\t\t<\/div>\n\t\t\t\t<\/article>\n\t\t\t\t<article class=\"elementor-post elementor-grid-item post-2076 post type-post status-publish format-standard has-post-thumbnail hentry category-blog\">\n\t\t\t\t<a class=\"elementor-post__thumbnail__link\" href=\"https:\/\/centering.hr\/en\/2021\/12\/19\/foc-becomes-the-agency-of-atp-tennis-tournament\/\" >\n\t\t\t<div class=\"elementor-post__thumbnail\"><img loading=\"lazy\" decoding=\"async\" width=\"1024\" height=\"684\" src=\"https:\/\/centering.hr\/wp-content\/uploads\/2021\/12\/Post_Tenis_2021-1024x684.jpg\" class=\"attachment-large size-large wp-image-2077\" alt=\"\" srcset=\"https:\/\/centering.hr\/wp-content\/uploads\/2021\/12\/Post_Tenis_2021-1024x684.jpg 1024w, https:\/\/centering.hr\/wp-content\/uploads\/2021\/12\/Post_Tenis_2021-300x200.jpg 300w, https:\/\/centering.hr\/wp-content\/uploads\/2021\/12\/Post_Tenis_2021-768x513.jpg 768w, https:\/\/centering.hr\/wp-content\/uploads\/2021\/12\/Post_Tenis_2021-1536x1025.jpg 1536w, https:\/\/centering.hr\/wp-content\/uploads\/2021\/12\/Post_Tenis_2021-2048x1367.jpg 2048w, https:\/\/centering.hr\/wp-content\/uploads\/2021\/12\/Post_Tenis_2021-18x12.jpg 18w\" sizes=\"(max-width: 1024px) 100vw, 1024px\" \/><\/div>\n\t\t<\/a>\n\t\t\t\t<div class=\"elementor-post__text\">\n\t\t\t\t<h2 class=\"elementor-post__title\">\n\t\t\t<a href=\"https:\/\/centering.hr\/en\/2021\/12\/19\/foc-becomes-the-agency-of-atp-tennis-tournament\/\" >\n\t\t\t\tFOC becomes the agency of ATP tennis tournament\t\t\t<\/a>\n\t\t<\/h2>\n\t\t\t\t<div class=\"elementor-post__meta-data\">\n\t\t\t\t\t<span class=\"elementor-post-date\">\n\t\t\t19.12.2021.\t\t<\/span>\n\t\t\t\t<\/div>\n\t\t\t\t<div class=\"elementor-post__excerpt\">\n\t\t\t<p>ATP Challenger Zagreb Open, the only international ATP tennis tournament in Zagreb, will be held from 9th to 15th of May 2022. Tournament ambassadors are famous Croatian tennis players, Marin \u010cili\u0107, who was 3rd best ranked player in the world,<\/p>\n\t\t<\/div>\n\t\t\t\t\t<a class=\"elementor-post__read-more\" href=\"https:\/\/centering.hr\/en\/2021\/12\/19\/foc-becomes-the-agency-of-atp-tennis-tournament\/\" >\n\t\t\t\tRead more\t\t\t<\/a>\n\t\t\t\t<\/div>\n\t\t\t\t<\/article>\n\t\t\t\t<article class=\"elementor-post elementor-grid-item post-2068 post type-post status-publish format-standard has-post-thumbnail hentry category-blog tag-guerilla-marketing tag-politika tag-pr tag-westgate\">\n\t\t\t\t<a class=\"elementor-post__thumbnail__link\" href=\"https:\/\/centering.hr\/en\/2021\/12\/19\/our-campaign-was-on-national-tv\/\" >\n\t\t\t<div class=\"elementor-post__thumbnail\"><img loading=\"lazy\" decoding=\"async\" width=\"960\" height=\"876\" src=\"https:\/\/centering.hr\/wp-content\/uploads\/2021\/12\/Post_WG_billboard_politika_2021.jpg\" class=\"attachment-large size-large wp-image-2069\" alt=\"\" srcset=\"https:\/\/centering.hr\/wp-content\/uploads\/2021\/12\/Post_WG_billboard_politika_2021.jpg 960w, https:\/\/centering.hr\/wp-content\/uploads\/2021\/12\/Post_WG_billboard_politika_2021-300x274.jpg 300w, https:\/\/centering.hr\/wp-content\/uploads\/2021\/12\/Post_WG_billboard_politika_2021-768x701.jpg 768w, https:\/\/centering.hr\/wp-content\/uploads\/2021\/12\/Post_WG_billboard_politika_2021-13x12.jpg 13w\" sizes=\"(max-width: 960px) 100vw, 960px\" \/><\/div>\n\t\t<\/a>\n\t\t\t\t<div class=\"elementor-post__text\">\n\t\t\t\t<h2 class=\"elementor-post__title\">\n\t\t\t<a href=\"https:\/\/centering.hr\/en\/2021\/12\/19\/our-campaign-was-on-national-tv\/\" >\n\t\t\t\tOur campaign was on national TV!\t\t\t<\/a>\n\t\t<\/h2>\n\t\t\t\t<div class=\"elementor-post__meta-data\">\n\t\t\t\t\t<span class=\"elementor-post-date\">\n\t\t\t19.12.2021.\t\t<\/span>\n\t\t\t\t<\/div>\n\t\t\t\t<div class=\"elementor-post__excerpt\">\n\t\t\t<p>Westgate Shopping City, the largest shopping centre in ADRIA region, launched its furniture and home decorations cluster. As a part of the promotion, we came with the PR campaign along the Croatian local and regional elections. We picked political campaigns<\/p>\n\t\t<\/div>\n\t\t\t\t\t<a class=\"elementor-post__read-more\" href=\"https:\/\/centering.hr\/en\/2021\/12\/19\/our-campaign-was-on-national-tv\/\" >\n\t\t\t\tRead more\t\t\t<\/a>\n\t\t\t\t<\/div>\n\t\t\t\t<\/article>\n\t\t\t\t<article class=\"elementor-post elementor-grid-item post-2064 post type-post status-publish format-standard has-post-thumbnail hentry category-blog tag-client tag-karcher tag-media-buying\">\n\t\t\t\t<a class=\"elementor-post__thumbnail__link\" href=\"https:\/\/centering.hr\/en\/2021\/12\/19\/new-karcher-store-in-varazdin\/\" >\n\t\t\t<div class=\"elementor-post__thumbnail\"><img loading=\"lazy\" decoding=\"async\" width=\"1024\" height=\"768\" src=\"https:\/\/centering.hr\/wp-content\/uploads\/2021\/12\/Post_Karcher_billboard_2021-1024x768.jpg\" class=\"attachment-large size-large wp-image-2065\" alt=\"\" srcset=\"https:\/\/centering.hr\/wp-content\/uploads\/2021\/12\/Post_Karcher_billboard_2021-1024x768.jpg 1024w, https:\/\/centering.hr\/wp-content\/uploads\/2021\/12\/Post_Karcher_billboard_2021-300x225.jpg 300w, https:\/\/centering.hr\/wp-content\/uploads\/2021\/12\/Post_Karcher_billboard_2021-768x576.jpg 768w, https:\/\/centering.hr\/wp-content\/uploads\/2021\/12\/Post_Karcher_billboard_2021-16x12.jpg 16w, https:\/\/centering.hr\/wp-content\/uploads\/2021\/12\/Post_Karcher_billboard_2021.jpg 1280w\" sizes=\"(max-width: 1024px) 100vw, 1024px\" \/><\/div>\n\t\t<\/a>\n\t\t\t\t<div class=\"elementor-post__text\">\n\t\t\t\t<h2 class=\"elementor-post__title\">\n\t\t\t<a href=\"https:\/\/centering.hr\/en\/2021\/12\/19\/new-karcher-store-in-varazdin\/\" >\n\t\t\t\tNew K\u00e4rcher store in Vara\u017edin\t\t\t<\/a>\n\t\t<\/h2>\n\t\t\t\t<div class=\"elementor-post__meta-data\">\n\t\t\t\t\t<span class=\"elementor-post-date\">\n\t\t\t19.12.2021.\t\t<\/span>\n\t\t\t\t<\/div>\n\t\t\t\t<div class=\"elementor-post__excerpt\">\n\t\t\t<p>K\u00e4rcher launched it&#8217;s new K\u00e4rcher Center earlier this month in Vara\u017edin, which is their first specialised shop in the northern Croatia! This family-owned global leader in cleaning technology is famous for it&#8217;s wide range of quality pressure washers, steam cleanes,<\/p>\n\t\t<\/div>\n\t\t\t\t\t<a class=\"elementor-post__read-more\" href=\"https:\/\/centering.hr\/en\/2021\/12\/19\/new-karcher-store-in-varazdin\/\" >\n\t\t\t\tRead more\t\t\t<\/a>\n\t\t\t\t<\/div>\n\t\t\t\t<\/article>\n\t\t\t\t<\/div>\n\n\n\t\t\n\t\t\t\t\t\t<\/div>\n\t\t\t\t<\/div>\n\t\t\t\t\t<\/div>\n\t\t<\/div>\n\t\t\t\t\t<\/div>\n\t\t<\/section>\n\t\t\t\t<\/div>",
        "protected": false
    },
    "excerpt": {
        "rendered": "<p>news from our agency + free tips&amp;tricks<\/p>",
        "protected": false
    },
    "author": 1,
    "featured_media": 0,
    "parent": 0,
    "menu_order": 0,
    "comment_status": "closed",
    "ping_status": "closed",
    "template": "elementor_header_footer",
    "meta": {
        "footnotes": ""
    },
    "class_list": [
        "post-705",
        "page",
        "type-page",
        "status-publish",
        "hentry"
    ],
    "blocksy_meta": {
        "styles_descriptor": {
            "styles": {
                "desktop": "",
                "tablet": "",
                "mobile": ""
            },
            "google_fonts": [],
            "version": 4
        }
    },
    "yoast_head": "<!-- This site is optimized with the Yoast SEO plugin v27.5 - https:\/\/yoast.com\/product\/yoast-seo-wordpress\/ -->\n<title>News - Centering<\/title>\n<meta name=\"robots\" content=\"index, follow, max-snippet:-1, max-image-preview:large, max-video-preview:-1\" \/>\n<link rel=\"canonical\" href=\"https:\/\/centering.hr\/en\/news\/\" \/>\n<meta property=\"og:locale\" content=\"en_GB\" \/>\n<meta property=\"og:type\" content=\"article\" \/>\n<meta property=\"og:title\" content=\"News - Centering\" \/>\n<meta property=\"og:description\" content=\"news from our agency + free tips&amp;tricks\" \/>\n<meta property=\"og:url\" content=\"https:\/\/centering.hr\/en\/news\/\" \/>\n<meta property=\"og:site_name\" content=\"Centering\" \/>\n<meta property=\"article:modified_time\" content=\"2024-08-28T14:31:03+00:00\" \/>\n<meta property=\"og:image\" content=\"https:\/\/centering.hr\/wp-content\/uploads\/2021\/12\/fo-centering-agency-news.jpg\" \/>\n<meta name=\"twitter:card\" content=\"summary_large_image\" \/>\n<meta name=\"twitter:label1\" content=\"Estimated reading time\" \/>\n\t<meta name=\"twitter:data1\" content=\"7 minutes\" \/>\n<script type=\"application\/ld+json\" class=\"yoast-schema-graph\">{\"@context\":\"https:\\\/\\\/schema.org\",\"@graph\":[{\"@type\":\"WebPage\",\"@id\":\"https:\\\/\\\/centering.hr\\\/hr\\\/news\\\/\",\"url\":\"https:\\\/\\\/centering.hr\\\/hr\\\/news\\\/\",\"name\":\"News - Centering\",\"isPartOf\":{\"@id\":\"https:\\\/\\\/centering.hr\\\/#website\"},\"primaryImageOfPage\":{\"@id\":\"https:\\\/\\\/centering.hr\\\/hr\\\/news\\\/#primaryimage\"},\"image\":{\"@id\":\"https:\\\/\\\/centering.hr\\\/hr\\\/news\\\/#primaryimage\"},\"thumbnailUrl\":\"https:\\\/\\\/centering.hr\\\/wp-content\\\/uploads\\\/2021\\\/12\\\/fo-centering-agency-news.jpg\",\"datePublished\":\"2021-11-30T12:13:01+00:00\",\"dateModified\":\"2024-08-28T14:31:03+00:00\",\"breadcrumb\":{\"@id\":\"https:\\\/\\\/centering.hr\\\/hr\\\/news\\\/#breadcrumb\"},\"inLanguage\":\"en-GB\",\"potentialAction\":[{\"@type\":\"ReadAction\",\"target\":[\"https:\\\/\\\/centering.hr\\\/hr\\\/news\\\/\"]}]},{\"@type\":\"ImageObject\",\"inLanguage\":\"en-GB\",\"@id\":\"https:\\\/\\\/centering.hr\\\/hr\\\/news\\\/#primaryimage\",\"url\":\"https:\\\/\\\/centering.hr\\\/wp-content\\\/uploads\\\/2021\\\/12\\\/fo-centering-agency-news.jpg\",\"contentUrl\":\"https:\\\/\\\/centering.hr\\\/wp-content\\\/uploads\\\/2021\\\/12\\\/fo-centering-agency-news.jpg\"},{\"@type\":\"BreadcrumbList\",\"@id\":\"https:\\\/\\\/centering.hr\\\/hr\\\/news\\\/#breadcrumb\",\"itemListElement\":[{\"@type\":\"ListItem\",\"position\":1,\"name\":\"Home\",\"item\":\"https:\\\/\\\/centering.hr\\\/hr\\\/\"},{\"@type\":\"ListItem\",\"position\":2,\"name\":\"News\"}]},{\"@type\":\"WebSite\",\"@id\":\"https:\\\/\\\/centering.hr\\\/#website\",\"url\":\"https:\\\/\\\/centering.hr\\\/\",\"name\":\"Centering\",\"description\":\"marketing i pr\",\"publisher\":{\"@id\":\"https:\\\/\\\/centering.hr\\\/#organization\"},\"potentialAction\":[{\"@type\":\"SearchAction\",\"target\":{\"@type\":\"EntryPoint\",\"urlTemplate\":\"https:\\\/\\\/centering.hr\\\/?s={search_term_string}\"},\"query-input\":{\"@type\":\"PropertyValueSpecification\",\"valueRequired\":true,\"valueName\":\"search_term_string\"}}],\"inLanguage\":\"en-GB\"},{\"@type\":\"Organization\",\"@id\":\"https:\\\/\\\/centering.hr\\\/#organization\",\"name\":\"F.O. Centering\",\"url\":\"https:\\\/\\\/centering.hr\\\/\",\"logo\":{\"@type\":\"ImageObject\",\"inLanguage\":\"en-GB\",\"@id\":\"https:\\\/\\\/centering.hr\\\/#\\\/schema\\\/logo\\\/image\\\/\",\"url\":\"https:\\\/\\\/centering.hr\\\/wp-content\\\/uploads\\\/2021\\\/12\\\/logo-foc-centering-white-stroke.png\",\"contentUrl\":\"https:\\\/\\\/centering.hr\\\/wp-content\\\/uploads\\\/2021\\\/12\\\/logo-foc-centering-white-stroke.png\",\"width\":800,\"height\":86,\"caption\":\"F.O. Centering\"},\"image\":{\"@id\":\"https:\\\/\\\/centering.hr\\\/#\\\/schema\\\/logo\\\/image\\\/\"},\"sameAs\":[\"https:\\\/\\\/www.instagram.com\\\/centering.agency\\\/?hl=hr\",\"https:\\\/\\\/hr.linkedin.com\\\/company\\\/centering-agency\"]}]}<\/script>\n<!-- \/ Yoast SEO plugin. -->",
    "yoast_head_json": {
        "title": "News - Centering",
        "robots": {
            "index": "index",
            "follow": "follow",
            "max-snippet": "max-snippet:-1",
            "max-image-preview": "max-image-preview:large",
            "max-video-preview": "max-video-preview:-1"
        },
        "canonical": "https:\/\/centering.hr\/en\/news\/",
        "og_locale": "en_GB",
        "og_type": "article",
        "og_title": "News - Centering",
        "og_description": "news from our agency + free tips&amp;tricks",
        "og_url": "https:\/\/centering.hr\/en\/news\/",
        "og_site_name": "Centering",
        "article_modified_time": "2024-08-28T14:31:03+00:00",
        "og_image": [
            {
                "url": "https:\/\/centering.hr\/wp-content\/uploads\/2021\/12\/fo-centering-agency-news.jpg",
                "type": "",
                "width": "",
                "height": ""
            }
        ],
        "twitter_card": "summary_large_image",
        "twitter_misc": {
            "Estimated reading time": "7 minutes"
        },
        "schema": {
            "@context": "https:\/\/schema.org",
            "@graph": [
                {
                    "@type": "WebPage",
                    "@id": "https:\/\/centering.hr\/hr\/news\/",
                    "url": "https:\/\/centering.hr\/hr\/news\/",
                    "name": "News - Centering",
                    "isPartOf": {
                        "@id": "https:\/\/centering.hr\/#website"
                    },
                    "primaryImageOfPage": {
                        "@id": "https:\/\/centering.hr\/hr\/news\/#primaryimage"
                    },
                    "image": {
                        "@id": "https:\/\/centering.hr\/hr\/news\/#primaryimage"
                    },
                    "thumbnailUrl": "https:\/\/centering.hr\/wp-content\/uploads\/2021\/12\/fo-centering-agency-news.jpg",
                    "datePublished": "2021-11-30T12:13:01+00:00",
                    "dateModified": "2024-08-28T14:31:03+00:00",
                    "breadcrumb": {
                        "@id": "https:\/\/centering.hr\/hr\/news\/#breadcrumb"
                    },
                    "inLanguage": "en-GB",
                    "potentialAction": [
                        {
                            "@type": "ReadAction",
                            "target": [
                                "https:\/\/centering.hr\/hr\/news\/"
                            ]
                        }
                    ]
                },
                {
                    "@type": "ImageObject",
                    "inLanguage": "en-GB",
                    "@id": "https:\/\/centering.hr\/hr\/news\/#primaryimage",
                    "url": "https:\/\/centering.hr\/wp-content\/uploads\/2021\/12\/fo-centering-agency-news.jpg",
                    "contentUrl": "https:\/\/centering.hr\/wp-content\/uploads\/2021\/12\/fo-centering-agency-news.jpg"
                },
                {
                    "@type": "BreadcrumbList",
                    "@id": "https:\/\/centering.hr\/hr\/news\/#breadcrumb",
                    "itemListElement": [
                        {
                            "@type": "ListItem",
                            "position": 1,
                            "name": "Home",
                            "item": "https:\/\/centering.hr\/hr\/"
                        },
                        {
                            "@type": "ListItem",
                            "position": 2,
                            "name": "News"
                        }
                    ]
                },
                {
                    "@type": "WebSite",
                    "@id": "https:\/\/centering.hr\/#website",
                    "url": "https:\/\/centering.hr\/",
                    "name": "Centering",
                    "description": "marketing i pr",
                    "publisher": {
                        "@id": "https:\/\/centering.hr\/#organization"
                    },
                    "potentialAction": [
                        {
                            "@type": "SearchAction",
                            "target": {
                                "@type": "EntryPoint",
                                "urlTemplate": "https:\/\/centering.hr\/?s={search_term_string}"
                            },
                            "query-input": {
                                "@type": "PropertyValueSpecification",
                                "valueRequired": true,
                                "valueName": "search_term_string"
                            }
                        }
                    ],
                    "inLanguage": "en-GB"
                },
                {
                    "@type": "Organization",
                    "@id": "https:\/\/centering.hr\/#organization",
                    "name": "F.O. Centering",
                    "url": "https:\/\/centering.hr\/",
                    "logo": {
                        "@type": "ImageObject",
                        "inLanguage": "en-GB",
                        "@id": "https:\/\/centering.hr\/#\/schema\/logo\/image\/",
                        "url": "https:\/\/centering.hr\/wp-content\/uploads\/2021\/12\/logo-foc-centering-white-stroke.png",
                        "contentUrl": "https:\/\/centering.hr\/wp-content\/uploads\/2021\/12\/logo-foc-centering-white-stroke.png",
                        "width": 800,
                        "height": 86,
                        "caption": "F.O. Centering"
                    },
                    "image": {
                        "@id": "https:\/\/centering.hr\/#\/schema\/logo\/image\/"
                    },
                    "sameAs": [
                        "https:\/\/www.instagram.com\/centering.agency\/?hl=hr",
                        "https:\/\/hr.linkedin.com\/company\/centering-agency"
                    ]
                }
            ]
        }
    },
    "_links": {
        "self": [
            {
                "href": "https:\/\/centering.hr\/en\/wp-json\/wp\/v2\/pages\/705",
                "targetHints": {
                    "allow": [
                        "GET"
                    ]
                }
            }
        ],
        "collection": [
            {
                "href": "https:\/\/centering.hr\/en\/wp-json\/wp\/v2\/pages"
            }
        ],
        "about": [
            {
                "href": "https:\/\/centering.hr\/en\/wp-json\/wp\/v2\/types\/page"
            }
        ],
        "author": [
            {
                "embeddable": true,
                "href": "https:\/\/centering.hr\/en\/wp-json\/wp\/v2\/users\/1"
            }
        ],
        "replies": [
            {
                "embeddable": true,
                "href": "https:\/\/centering.hr\/en\/wp-json\/wp\/v2\/comments?post=705"
            }
        ],
        "version-history": [
            {
                "count": 3,
                "href": "https:\/\/centering.hr\/en\/wp-json\/wp\/v2\/pages\/705\/revisions"
            }
        ],
        "predecessor-version": [
            {
                "id": 2319,
                "href": "https:\/\/centering.hr\/en\/wp-json\/wp\/v2\/pages\/705\/revisions\/2319"
            }
        ],
        "wp:attachment": [
            {
                "href": "https:\/\/centering.hr\/en\/wp-json\/wp\/v2\/media?parent=705"
            }
        ],
        "curies": [
            {
                "name": "wp",
                "href": "https:\/\/api.w.org\/{rel}",
                "templated": true
            }
        ]
    }
}