{"id":2133,"date":"2022-03-02T09:31:25","date_gmt":"2022-03-02T09:31:25","guid":{"rendered":"https:\/\/centering.hr\/?p=2133"},"modified":"2022-03-03T08:12:50","modified_gmt":"2022-03-03T08:12:50","slug":"marko-zupa-to-jury-the-grand-prix","status":"publish","type":"post","link":"http:\/\/centering.hr\/hr\/2022\/03\/02\/marko-zupa-to-jury-the-grand-prix\/","title":{"rendered":"Marko \u017dupa u \u017eiriju Grand PRix-a"},"content":{"rendered":"<div data-elementor-type=\"wp-post\" data-elementor-id=\"2133\" class=\"elementor elementor-2133\">\n\t\t\t\t\t\t<section class=\"elementor-section elementor-top-section elementor-element elementor-element-488965da elementor-section-boxed elementor-section-height-default elementor-section-height-default\" data-id=\"488965da\" data-element_type=\"section\" data-e-type=\"section\">\n\t\t\t\t\t\t<div class=\"elementor-container elementor-column-gap-default\">\n\t\t\t\t\t<div class=\"elementor-column elementor-col-100 elementor-top-column elementor-element elementor-element-37ff6ff4\" data-id=\"37ff6ff4\" data-element_type=\"column\" data-e-type=\"column\">\n\t\t\t<div class=\"elementor-widget-wrap elementor-element-populated\">\n\t\t\t\t\t\t<div class=\"elementor-element elementor-element-7bb905e1 elementor-widget elementor-widget-text-editor\" data-id=\"7bb905e1\" data-element_type=\"widget\" data-e-type=\"widget\" data-widget_type=\"text-editor.default\">\n\t\t\t\t<div class=\"elementor-widget-container\">\n\t\t\t\t\t\t\t\t\t<p>Na ovogodi\u0161nji Grand PRix \u2013 natjecanje za najbolji doma\u0107i komunikacijski projekt \u2013 pristigle su \u010dak 52 prijave! A u \u017eiriju ovogodi\u0161njeg Grand PRixa je i Marko \u017dupa, izvr\u0161ni direktor i managing partner Centeringa. <a href=\"https:\/\/huoj.hr\/\">.<\/a>.<\/p>\n<p>\u010clanovi \u017eirija vode\u0107i su komunikacijski stru\u010dnjaci iz najuglednijih hrvatskih komunikacijskih agencija kao \u0161to su 404, Mediaval i korporacija poput A1, Huawei... Marko je prvi \u010dlan \u017eirija mla\u0111i od 30 godina prema novoj kategoriji \u010dlanstva u \u017eiriju.<\/p>\n<p class=\"MsoNormal\">Invitation to suit on a jury was received after Centering\u2019s\nproject was awareded the third best communication project in Croatia among the\nsmall and mid size enterprises.<o:p><\/o:p><\/p>\n<p>Grand PRix od 2007. godine organizira Hrvatska udruga za odnose s javno\u0161\u0107u. Najbolji od najboljih bit \u0107e progla\u0161eni na velikoj sve\u010danosti 12. travnja! Sretno svim kandidatima.&nbsp;<\/p>\t\t\t\t\t\t\t\t<\/div>\n\t\t\t\t<\/div>\n\t\t\t\t\t<\/div>\n\t\t<\/div>\n\t\t\t\t\t<\/div>\n\t\t<\/section>\n\t\t\t\t<\/div>","protected":false},"excerpt":{"rendered":"<p>Marko \u017dupa, Executive Director at Centering Agency, is to jury the Grand PRix, communication awards awarded by Croatian Public Relations Association. This year \u017dupa will jury together with the leading communication experts from the most prestigious national communication agencies such as 404, Mediaval and corporations such as A1, Huawei\u2026 \u017dupa is also the first member [&hellip;]<\/p>\n","protected":false},"author":2,"featured_media":2134,"comment_status":"open","ping_status":"open","sticky":false,"template":"","format":"standard","meta":{"footnotes":""},"categories":[1],"tags":[],"class_list":["post-2133","post","type-post","status-publish","format-standard","has-post-thumbnail","hentry","category-blog"],"blocksy_meta":{"styles_descriptor":{"styles":{"desktop":"","tablet":"","mobile":""},"google_fonts":[],"version":4}},"yoast_head":"<!-- This site is optimized with the Yoast SEO plugin v27.5 - https:\/\/yoast.com\/product\/yoast-seo-wordpress\/ -->\n<title>Marko \u017dupa to jury the Grand PRix - Centering<\/title>\n<meta name=\"robots\" content=\"index, follow, max-snippet:-1, max-image-preview:large, max-video-preview:-1\" \/>\n<link rel=\"canonical\" href=\"https:\/\/centering.hr\/hr\/2022\/03\/02\/marko-zupa-to-jury-the-grand-prix\/\" \/>\n<meta property=\"og:locale\" content=\"hr_HR\" \/>\n<meta property=\"og:type\" content=\"article\" \/>\n<meta property=\"og:title\" content=\"Marko \u017dupa to jury the Grand PRix - Centering\" \/>\n<meta property=\"og:description\" content=\"Marko \u017dupa, Executive Director at Centering Agency, is to jury the Grand PRix, communication awards awarded by Croatian Public Relations Association. This year \u017dupa will jury together with the leading communication experts from the most prestigious national communication agencies such as 404, Mediaval and corporations such as A1, Huawei\u2026 \u017dupa is also the first member [&hellip;]\" \/>\n<meta property=\"og:url\" content=\"https:\/\/centering.hr\/hr\/2022\/03\/02\/marko-zupa-to-jury-the-grand-prix\/\" \/>\n<meta property=\"og:site_name\" content=\"Centering\" \/>\n<meta property=\"article:published_time\" content=\"2022-03-02T09:31:25+00:00\" \/>\n<meta property=\"article:modified_time\" content=\"2022-03-03T08:12:50+00:00\" \/>\n<meta property=\"og:image\" content=\"https:\/\/centering.hr\/wp-content\/uploads\/2022\/03\/marko-grand-prix.jpg\" \/>\n\t<meta property=\"og:image:width\" content=\"960\" \/>\n\t<meta property=\"og:image:height\" content=\"720\" \/>\n\t<meta property=\"og:image:type\" content=\"image\/jpeg\" \/>\n<meta name=\"author\" content=\"author\" \/>\n<meta name=\"twitter:card\" content=\"summary_large_image\" \/>\n<meta name=\"twitter:label1\" content=\"Napisao\/la\" \/>\n\t<meta name=\"twitter:data1\" content=\"author\" \/>\n\t<meta name=\"twitter:label2\" content=\"Procijenjeno vrijeme \u010ditanja\" \/>\n\t<meta name=\"twitter:data2\" content=\"1 minuta\" \/>\n<script type=\"application\/ld+json\" class=\"yoast-schema-graph\">{\"@context\":\"https:\\\/\\\/schema.org\",\"@graph\":[{\"@type\":\"Article\",\"@id\":\"https:\\\/\\\/centering.hr\\\/2022\\\/03\\\/02\\\/marko-zupa-to-jury-the-grand-prix\\\/#article\",\"isPartOf\":{\"@id\":\"https:\\\/\\\/centering.hr\\\/2022\\\/03\\\/02\\\/marko-zupa-to-jury-the-grand-prix\\\/\"},\"author\":{\"name\":\"author\",\"@id\":\"https:\\\/\\\/centering.hr\\\/#\\\/schema\\\/person\\\/bb27d9bdd135ba1f6a5752049e0ad0d1\"},\"headline\":\"Marko \u017dupa to jury the Grand PRix\",\"datePublished\":\"2022-03-02T09:31:25+00:00\",\"dateModified\":\"2022-03-03T08:12:50+00:00\",\"mainEntityOfPage\":{\"@id\":\"https:\\\/\\\/centering.hr\\\/2022\\\/03\\\/02\\\/marko-zupa-to-jury-the-grand-prix\\\/\"},\"wordCount\":122,\"commentCount\":0,\"publisher\":{\"@id\":\"https:\\\/\\\/centering.hr\\\/#organization\"},\"image\":{\"@id\":\"https:\\\/\\\/centering.hr\\\/2022\\\/03\\\/02\\\/marko-zupa-to-jury-the-grand-prix\\\/#primaryimage\"},\"thumbnailUrl\":\"https:\\\/\\\/centering.hr\\\/wp-content\\\/uploads\\\/2022\\\/03\\\/marko-grand-prix.jpg\",\"articleSection\":[\"blog\"],\"inLanguage\":\"hr\",\"potentialAction\":[{\"@type\":\"CommentAction\",\"name\":\"Comment\",\"target\":[\"https:\\\/\\\/centering.hr\\\/2022\\\/03\\\/02\\\/marko-zupa-to-jury-the-grand-prix\\\/#respond\"]}]},{\"@type\":\"WebPage\",\"@id\":\"https:\\\/\\\/centering.hr\\\/2022\\\/03\\\/02\\\/marko-zupa-to-jury-the-grand-prix\\\/\",\"url\":\"https:\\\/\\\/centering.hr\\\/2022\\\/03\\\/02\\\/marko-zupa-to-jury-the-grand-prix\\\/\",\"name\":\"Marko \u017dupa to jury the Grand PRix - Centering\",\"isPartOf\":{\"@id\":\"https:\\\/\\\/centering.hr\\\/#website\"},\"primaryImageOfPage\":{\"@id\":\"https:\\\/\\\/centering.hr\\\/2022\\\/03\\\/02\\\/marko-zupa-to-jury-the-grand-prix\\\/#primaryimage\"},\"image\":{\"@id\":\"https:\\\/\\\/centering.hr\\\/2022\\\/03\\\/02\\\/marko-zupa-to-jury-the-grand-prix\\\/#primaryimage\"},\"thumbnailUrl\":\"https:\\\/\\\/centering.hr\\\/wp-content\\\/uploads\\\/2022\\\/03\\\/marko-grand-prix.jpg\",\"datePublished\":\"2022-03-02T09:31:25+00:00\",\"dateModified\":\"2022-03-03T08:12:50+00:00\",\"breadcrumb\":{\"@id\":\"https:\\\/\\\/centering.hr\\\/2022\\\/03\\\/02\\\/marko-zupa-to-jury-the-grand-prix\\\/#breadcrumb\"},\"inLanguage\":\"hr\",\"potentialAction\":[{\"@type\":\"ReadAction\",\"target\":[\"https:\\\/\\\/centering.hr\\\/2022\\\/03\\\/02\\\/marko-zupa-to-jury-the-grand-prix\\\/\"]}]},{\"@type\":\"ImageObject\",\"inLanguage\":\"hr\",\"@id\":\"https:\\\/\\\/centering.hr\\\/2022\\\/03\\\/02\\\/marko-zupa-to-jury-the-grand-prix\\\/#primaryimage\",\"url\":\"https:\\\/\\\/centering.hr\\\/wp-content\\\/uploads\\\/2022\\\/03\\\/marko-grand-prix.jpg\",\"contentUrl\":\"https:\\\/\\\/centering.hr\\\/wp-content\\\/uploads\\\/2022\\\/03\\\/marko-grand-prix.jpg\",\"width\":960,\"height\":720},{\"@type\":\"BreadcrumbList\",\"@id\":\"https:\\\/\\\/centering.hr\\\/2022\\\/03\\\/02\\\/marko-zupa-to-jury-the-grand-prix\\\/#breadcrumb\",\"itemListElement\":[{\"@type\":\"ListItem\",\"position\":1,\"name\":\"Home\",\"item\":\"https:\\\/\\\/centering.hr\\\/hr\\\/\"},{\"@type\":\"ListItem\",\"position\":2,\"name\":\"Marko \u017dupa to jury the Grand PRix\"}]},{\"@type\":\"WebSite\",\"@id\":\"https:\\\/\\\/centering.hr\\\/#website\",\"url\":\"https:\\\/\\\/centering.hr\\\/\",\"name\":\"Centering\",\"description\":\"marketing i pr\",\"publisher\":{\"@id\":\"https:\\\/\\\/centering.hr\\\/#organization\"},\"potentialAction\":[{\"@type\":\"SearchAction\",\"target\":{\"@type\":\"EntryPoint\",\"urlTemplate\":\"https:\\\/\\\/centering.hr\\\/?s={search_term_string}\"},\"query-input\":{\"@type\":\"PropertyValueSpecification\",\"valueRequired\":true,\"valueName\":\"search_term_string\"}}],\"inLanguage\":\"hr\"},{\"@type\":\"Organization\",\"@id\":\"https:\\\/\\\/centering.hr\\\/#organization\",\"name\":\"F.O. Centering\",\"url\":\"https:\\\/\\\/centering.hr\\\/\",\"logo\":{\"@type\":\"ImageObject\",\"inLanguage\":\"hr\",\"@id\":\"https:\\\/\\\/centering.hr\\\/#\\\/schema\\\/logo\\\/image\\\/\",\"url\":\"https:\\\/\\\/centering.hr\\\/wp-content\\\/uploads\\\/2021\\\/12\\\/logo-foc-centering-white-stroke.png\",\"contentUrl\":\"https:\\\/\\\/centering.hr\\\/wp-content\\\/uploads\\\/2021\\\/12\\\/logo-foc-centering-white-stroke.png\",\"width\":800,\"height\":86,\"caption\":\"F.O. Centering\"},\"image\":{\"@id\":\"https:\\\/\\\/centering.hr\\\/#\\\/schema\\\/logo\\\/image\\\/\"},\"sameAs\":[\"https:\\\/\\\/www.instagram.com\\\/centering.agency\\\/?hl=hr\",\"https:\\\/\\\/hr.linkedin.com\\\/company\\\/centering-agency\"]},{\"@type\":\"Person\",\"@id\":\"https:\\\/\\\/centering.hr\\\/#\\\/schema\\\/person\\\/bb27d9bdd135ba1f6a5752049e0ad0d1\",\"name\":\"author\",\"image\":{\"@type\":\"ImageObject\",\"inLanguage\":\"hr\",\"@id\":\"https:\\\/\\\/secure.gravatar.com\\\/avatar\\\/6b922c25c93df51cf4395b443841a125582a6bddf0bd7a5ee3649f97989be079?s=96&d=mm&r=g\",\"url\":\"https:\\\/\\\/secure.gravatar.com\\\/avatar\\\/6b922c25c93df51cf4395b443841a125582a6bddf0bd7a5ee3649f97989be079?s=96&d=mm&r=g\",\"contentUrl\":\"https:\\\/\\\/secure.gravatar.com\\\/avatar\\\/6b922c25c93df51cf4395b443841a125582a6bddf0bd7a5ee3649f97989be079?s=96&d=mm&r=g\",\"caption\":\"author\"},\"url\":\"http:\\\/\\\/centering.hr\\\/hr\\\/author\\\/author\\\/\"}]}<\/script>\n<!-- \/ Yoast SEO plugin. -->","yoast_head_json":{"title":"Marko \u017dupa to jury the Grand PRix - Centering","robots":{"index":"index","follow":"follow","max-snippet":"max-snippet:-1","max-image-preview":"max-image-preview:large","max-video-preview":"max-video-preview:-1"},"canonical":"https:\/\/centering.hr\/hr\/2022\/03\/02\/marko-zupa-to-jury-the-grand-prix\/","og_locale":"hr_HR","og_type":"article","og_title":"Marko \u017dupa to jury the Grand PRix - Centering","og_description":"Marko \u017dupa, Executive Director at Centering Agency, is to jury the Grand PRix, communication awards awarded by Croatian Public Relations Association. This year \u017dupa will jury together with the leading communication experts from the most prestigious national communication agencies such as 404, Mediaval and corporations such as A1, Huawei\u2026 \u017dupa is also the first member [&hellip;]","og_url":"https:\/\/centering.hr\/hr\/2022\/03\/02\/marko-zupa-to-jury-the-grand-prix\/","og_site_name":"Centering","article_published_time":"2022-03-02T09:31:25+00:00","article_modified_time":"2022-03-03T08:12:50+00:00","og_image":[{"width":960,"height":720,"url":"https:\/\/centering.hr\/wp-content\/uploads\/2022\/03\/marko-grand-prix.jpg","type":"image\/jpeg"}],"author":"author","twitter_card":"summary_large_image","twitter_misc":{"Napisao\/la":"author","Procijenjeno vrijeme \u010ditanja":"1 minuta"},"schema":{"@context":"https:\/\/schema.org","@graph":[{"@type":"Article","@id":"https:\/\/centering.hr\/2022\/03\/02\/marko-zupa-to-jury-the-grand-prix\/#article","isPartOf":{"@id":"https:\/\/centering.hr\/2022\/03\/02\/marko-zupa-to-jury-the-grand-prix\/"},"author":{"name":"author","@id":"https:\/\/centering.hr\/#\/schema\/person\/bb27d9bdd135ba1f6a5752049e0ad0d1"},"headline":"Marko \u017dupa to jury the Grand PRix","datePublished":"2022-03-02T09:31:25+00:00","dateModified":"2022-03-03T08:12:50+00:00","mainEntityOfPage":{"@id":"https:\/\/centering.hr\/2022\/03\/02\/marko-zupa-to-jury-the-grand-prix\/"},"wordCount":122,"commentCount":0,"publisher":{"@id":"https:\/\/centering.hr\/#organization"},"image":{"@id":"https:\/\/centering.hr\/2022\/03\/02\/marko-zupa-to-jury-the-grand-prix\/#primaryimage"},"thumbnailUrl":"https:\/\/centering.hr\/wp-content\/uploads\/2022\/03\/marko-grand-prix.jpg","articleSection":["blog"],"inLanguage":"hr","potentialAction":[{"@type":"CommentAction","name":"Comment","target":["https:\/\/centering.hr\/2022\/03\/02\/marko-zupa-to-jury-the-grand-prix\/#respond"]}]},{"@type":"WebPage","@id":"https:\/\/centering.hr\/2022\/03\/02\/marko-zupa-to-jury-the-grand-prix\/","url":"https:\/\/centering.hr\/2022\/03\/02\/marko-zupa-to-jury-the-grand-prix\/","name":"Marko \u017dupa to jury the Grand PRix - Centering","isPartOf":{"@id":"https:\/\/centering.hr\/#website"},"primaryImageOfPage":{"@id":"https:\/\/centering.hr\/2022\/03\/02\/marko-zupa-to-jury-the-grand-prix\/#primaryimage"},"image":{"@id":"https:\/\/centering.hr\/2022\/03\/02\/marko-zupa-to-jury-the-grand-prix\/#primaryimage"},"thumbnailUrl":"https:\/\/centering.hr\/wp-content\/uploads\/2022\/03\/marko-grand-prix.jpg","datePublished":"2022-03-02T09:31:25+00:00","dateModified":"2022-03-03T08:12:50+00:00","breadcrumb":{"@id":"https:\/\/centering.hr\/2022\/03\/02\/marko-zupa-to-jury-the-grand-prix\/#breadcrumb"},"inLanguage":"hr","potentialAction":[{"@type":"ReadAction","target":["https:\/\/centering.hr\/2022\/03\/02\/marko-zupa-to-jury-the-grand-prix\/"]}]},{"@type":"ImageObject","inLanguage":"hr","@id":"https:\/\/centering.hr\/2022\/03\/02\/marko-zupa-to-jury-the-grand-prix\/#primaryimage","url":"https:\/\/centering.hr\/wp-content\/uploads\/2022\/03\/marko-grand-prix.jpg","contentUrl":"https:\/\/centering.hr\/wp-content\/uploads\/2022\/03\/marko-grand-prix.jpg","width":960,"height":720},{"@type":"BreadcrumbList","@id":"https:\/\/centering.hr\/2022\/03\/02\/marko-zupa-to-jury-the-grand-prix\/#breadcrumb","itemListElement":[{"@type":"ListItem","position":1,"name":"Home","item":"https:\/\/centering.hr\/hr\/"},{"@type":"ListItem","position":2,"name":"Marko \u017dupa to jury the Grand PRix"}]},{"@type":"WebSite","@id":"https:\/\/centering.hr\/#website","url":"https:\/\/centering.hr\/","name":"Centering","description":"marketing i pr","publisher":{"@id":"https:\/\/centering.hr\/#organization"},"potentialAction":[{"@type":"SearchAction","target":{"@type":"EntryPoint","urlTemplate":"https:\/\/centering.hr\/?s={search_term_string}"},"query-input":{"@type":"PropertyValueSpecification","valueRequired":true,"valueName":"search_term_string"}}],"inLanguage":"hr"},{"@type":"Organization","@id":"https:\/\/centering.hr\/#organization","name":"F.O. Centering","url":"https:\/\/centering.hr\/","logo":{"@type":"ImageObject","inLanguage":"hr","@id":"https:\/\/centering.hr\/#\/schema\/logo\/image\/","url":"https:\/\/centering.hr\/wp-content\/uploads\/2021\/12\/logo-foc-centering-white-stroke.png","contentUrl":"https:\/\/centering.hr\/wp-content\/uploads\/2021\/12\/logo-foc-centering-white-stroke.png","width":800,"height":86,"caption":"F.O. Centering"},"image":{"@id":"https:\/\/centering.hr\/#\/schema\/logo\/image\/"},"sameAs":["https:\/\/www.instagram.com\/centering.agency\/?hl=hr","https:\/\/hr.linkedin.com\/company\/centering-agency"]},{"@type":"Person","@id":"https:\/\/centering.hr\/#\/schema\/person\/bb27d9bdd135ba1f6a5752049e0ad0d1","name":"author","image":{"@type":"ImageObject","inLanguage":"hr","@id":"https:\/\/secure.gravatar.com\/avatar\/6b922c25c93df51cf4395b443841a125582a6bddf0bd7a5ee3649f97989be079?s=96&d=mm&r=g","url":"https:\/\/secure.gravatar.com\/avatar\/6b922c25c93df51cf4395b443841a125582a6bddf0bd7a5ee3649f97989be079?s=96&d=mm&r=g","contentUrl":"https:\/\/secure.gravatar.com\/avatar\/6b922c25c93df51cf4395b443841a125582a6bddf0bd7a5ee3649f97989be079?s=96&d=mm&r=g","caption":"author"},"url":"http:\/\/centering.hr\/hr\/author\/author\/"}]}},"_links":{"self":[{"href":"http:\/\/centering.hr\/hr\/wp-json\/wp\/v2\/posts\/2133","targetHints":{"allow":["GET"]}}],"collection":[{"href":"http:\/\/centering.hr\/hr\/wp-json\/wp\/v2\/posts"}],"about":[{"href":"http:\/\/centering.hr\/hr\/wp-json\/wp\/v2\/types\/post"}],"author":[{"embeddable":true,"href":"http:\/\/centering.hr\/hr\/wp-json\/wp\/v2\/users\/2"}],"replies":[{"embeddable":true,"href":"http:\/\/centering.hr\/hr\/wp-json\/wp\/v2\/comments?post=2133"}],"version-history":[{"count":16,"href":"http:\/\/centering.hr\/hr\/wp-json\/wp\/v2\/posts\/2133\/revisions"}],"predecessor-version":[{"id":2157,"href":"http:\/\/centering.hr\/hr\/wp-json\/wp\/v2\/posts\/2133\/revisions\/2157"}],"wp:featuredmedia":[{"embeddable":true,"href":"http:\/\/centering.hr\/hr\/wp-json\/wp\/v2\/media\/2134"}],"wp:attachment":[{"href":"http:\/\/centering.hr\/hr\/wp-json\/wp\/v2\/media?parent=2133"}],"wp:term":[{"taxonomy":"category","embeddable":true,"href":"http:\/\/centering.hr\/hr\/wp-json\/wp\/v2\/categories?post=2133"},{"taxonomy":"post_tag","embeddable":true,"href":"http:\/\/centering.hr\/hr\/wp-json\/wp\/v2\/tags?post=2133"}],"curies":[{"name":"wp","href":"https:\/\/api.w.org\/{rel}","templated":true}]}}