{"id":2068,"date":"2021-12-19T22:00:53","date_gmt":"2021-12-19T22:00:53","guid":{"rendered":"https:\/\/centering.hr\/?p=2068"},"modified":"2021-12-19T22:01:27","modified_gmt":"2021-12-19T22:01:27","slug":"our-campaign-was-on-national-tv","status":"publish","type":"post","link":"http:\/\/centering.hr\/hr\/2021\/12\/19\/our-campaign-was-on-national-tv\/","title":{"rendered":"Na\u0161a kampanja je bila na nacionalnoj TV"},"content":{"rendered":"<p>Westgate shopping City, najve\u0107i trgova\u010dki centar u ADRIA regiji, pokrenuo je svoj klaster namje\u0161taja i dekoracija za dom.<\/p>\n<p>U promotivne svrhe smo osmislili PR kampanju koja se nadovezala na lokalne i nacionalne politi\u010dke kampanje.<\/p>\n<p>Odabrali smo politi\u010dke kampanje 5 najperspektivnijih kandidata u Zagrebu, i samo malo promijenili slogane kako bi se\u00a0<em>uklopili<\/em> u slogan klastera namje\u0161taja, npr.<\/p>\n<p>&nbsp;<\/p>\n<p>HDZ \u2013 sad je bitno \u2013 &gt; Sad je bitno obnoviti kuhinju.<\/p>\n<p>SDP \u2013 mijenjat \u0107emo Zagreb, a ne slogan - &gt; Mijenjat \u0107emo spava\u0107u sobu, a ne slogan.<\/p>\n<p>Mo\u017eemo \u2013 Vrijeme je za pravu promjenu - &gt; Vrijeme je za pravu promjenu.<em>Foteljo,<\/em>mijenjam te<\/p>\n<p>&nbsp;<\/p>\n<p>Slogani su postavljeni na 10 lokacija u Zagrebu te smo tako\u0111er iz \u0161ale objavili slike billboarda i na nekim od dru\u0161tvenih mre\u017ea \u0161to je rezultiralo lavinom reakcija.<\/p>\n<p>Na\u0161a \u201epoliti\u010dka kampanja\u201d privukla je pozornost najva\u017enijih medija u Hrvatskoj, uklju\u010duju\u0107i najve\u0107i i naj\u010ditaniji informativni portal \u201eIndex\u201c <a href=\"https:\/\/www.index.hr\/magazin\/clanak\/u-zagrebu-osvanuli-urnebesni-plakati-koji-peckaju-politicare-foteljo-mijenjam-te\/2274382.aspx\">(ovdje)<\/a>U no\u0107i izbora, nacionalna televizija HRT emitirala je na\u0161e plakate kao jedne od najistaknutijih u kampanji.<\/p>","protected":false},"excerpt":{"rendered":"<p>Westgate Shopping City, the largest shopping centre in ADRIA region, launched its furniture and home decorations cluster. As a part of the promotion, we came with the PR campaign along the Croatian local and regional elections. We picked political campaigns of the 5 most perspective candidates in Zagreb, and changed slogans just a\u00a0bit so they [&hellip;]<\/p>\n","protected":false},"author":1,"featured_media":2069,"comment_status":"open","ping_status":"open","sticky":false,"template":"","format":"standard","meta":{"footnotes":""},"categories":[1],"tags":[11,9,10,8],"class_list":["post-2068","post","type-post","status-publish","format-standard","has-post-thumbnail","hentry","category-blog","tag-guerilla-marketing","tag-politika","tag-pr","tag-westgate"],"blocksy_meta":{"styles_descriptor":{"styles":{"desktop":"","tablet":"","mobile":""},"google_fonts":[],"version":4}},"yoast_head":"<!-- This site is optimized with the Yoast SEO plugin v27.5 - https:\/\/yoast.com\/product\/yoast-seo-wordpress\/ -->\n<title>Our campaign was on national TV! - Centering<\/title>\n<meta name=\"robots\" content=\"index, follow, max-snippet:-1, max-image-preview:large, max-video-preview:-1\" \/>\n<link rel=\"canonical\" href=\"https:\/\/centering.hr\/hr\/2021\/12\/19\/our-campaign-was-on-national-tv\/\" \/>\n<meta property=\"og:locale\" content=\"hr_HR\" \/>\n<meta property=\"og:type\" content=\"article\" \/>\n<meta property=\"og:title\" content=\"Our campaign was on national TV! - Centering\" \/>\n<meta property=\"og:description\" content=\"Westgate Shopping City, the largest shopping centre in ADRIA region, launched its furniture and home decorations cluster. As a part of the promotion, we came with the PR campaign along the Croatian local and regional elections. We picked political campaigns of the 5 most perspective candidates in Zagreb, and changed slogans just a\u00a0bit so they [&hellip;]\" \/>\n<meta property=\"og:url\" content=\"https:\/\/centering.hr\/hr\/2021\/12\/19\/our-campaign-was-on-national-tv\/\" \/>\n<meta property=\"og:site_name\" content=\"Centering\" \/>\n<meta property=\"article:published_time\" content=\"2021-12-19T22:00:53+00:00\" \/>\n<meta property=\"article:modified_time\" content=\"2021-12-19T22:01:27+00:00\" \/>\n<meta property=\"og:image\" content=\"https:\/\/centering.hr\/wp-content\/uploads\/2021\/12\/Post_WG_billboard_politika_2021.jpg\" \/>\n\t<meta property=\"og:image:width\" content=\"960\" \/>\n\t<meta property=\"og:image:height\" content=\"876\" \/>\n\t<meta property=\"og:image:type\" content=\"image\/jpeg\" \/>\n<meta name=\"author\" content=\"admin\" \/>\n<meta name=\"twitter:card\" content=\"summary_large_image\" \/>\n<meta name=\"twitter:label1\" content=\"Napisao\/la\" \/>\n\t<meta name=\"twitter:data1\" content=\"admin\" \/>\n\t<meta name=\"twitter:label2\" content=\"Procijenjeno vrijeme \u010ditanja\" \/>\n\t<meta name=\"twitter:data2\" content=\"1 minuta\" \/>\n<script type=\"application\/ld+json\" class=\"yoast-schema-graph\">{\"@context\":\"https:\\\/\\\/schema.org\",\"@graph\":[{\"@type\":\"Article\",\"@id\":\"https:\\\/\\\/centering.hr\\\/2021\\\/12\\\/19\\\/our-campaign-was-on-national-tv\\\/#article\",\"isPartOf\":{\"@id\":\"https:\\\/\\\/centering.hr\\\/2021\\\/12\\\/19\\\/our-campaign-was-on-national-tv\\\/\"},\"author\":{\"name\":\"admin\",\"@id\":\"https:\\\/\\\/centering.hr\\\/#\\\/schema\\\/person\\\/63a976a1d01f30805d0edf7b003828eb\"},\"headline\":\"Our campaign was on national TV!\",\"datePublished\":\"2021-12-19T22:00:53+00:00\",\"dateModified\":\"2021-12-19T22:01:27+00:00\",\"mainEntityOfPage\":{\"@id\":\"https:\\\/\\\/centering.hr\\\/2021\\\/12\\\/19\\\/our-campaign-was-on-national-tv\\\/\"},\"wordCount\":208,\"commentCount\":0,\"publisher\":{\"@id\":\"https:\\\/\\\/centering.hr\\\/#organization\"},\"image\":{\"@id\":\"https:\\\/\\\/centering.hr\\\/2021\\\/12\\\/19\\\/our-campaign-was-on-national-tv\\\/#primaryimage\"},\"thumbnailUrl\":\"https:\\\/\\\/centering.hr\\\/wp-content\\\/uploads\\\/2021\\\/12\\\/Post_WG_billboard_politika_2021.jpg\",\"keywords\":[\"guerilla marketing\",\"politika\",\"pr\",\"westgate\"],\"articleSection\":[\"blog\"],\"inLanguage\":\"hr\",\"potentialAction\":[{\"@type\":\"CommentAction\",\"name\":\"Comment\",\"target\":[\"https:\\\/\\\/centering.hr\\\/2021\\\/12\\\/19\\\/our-campaign-was-on-national-tv\\\/#respond\"]}]},{\"@type\":\"WebPage\",\"@id\":\"https:\\\/\\\/centering.hr\\\/2021\\\/12\\\/19\\\/our-campaign-was-on-national-tv\\\/\",\"url\":\"https:\\\/\\\/centering.hr\\\/2021\\\/12\\\/19\\\/our-campaign-was-on-national-tv\\\/\",\"name\":\"Our campaign was on national TV! - Centering\",\"isPartOf\":{\"@id\":\"https:\\\/\\\/centering.hr\\\/#website\"},\"primaryImageOfPage\":{\"@id\":\"https:\\\/\\\/centering.hr\\\/2021\\\/12\\\/19\\\/our-campaign-was-on-national-tv\\\/#primaryimage\"},\"image\":{\"@id\":\"https:\\\/\\\/centering.hr\\\/2021\\\/12\\\/19\\\/our-campaign-was-on-national-tv\\\/#primaryimage\"},\"thumbnailUrl\":\"https:\\\/\\\/centering.hr\\\/wp-content\\\/uploads\\\/2021\\\/12\\\/Post_WG_billboard_politika_2021.jpg\",\"datePublished\":\"2021-12-19T22:00:53+00:00\",\"dateModified\":\"2021-12-19T22:01:27+00:00\",\"breadcrumb\":{\"@id\":\"https:\\\/\\\/centering.hr\\\/2021\\\/12\\\/19\\\/our-campaign-was-on-national-tv\\\/#breadcrumb\"},\"inLanguage\":\"hr\",\"potentialAction\":[{\"@type\":\"ReadAction\",\"target\":[\"https:\\\/\\\/centering.hr\\\/2021\\\/12\\\/19\\\/our-campaign-was-on-national-tv\\\/\"]}]},{\"@type\":\"ImageObject\",\"inLanguage\":\"hr\",\"@id\":\"https:\\\/\\\/centering.hr\\\/2021\\\/12\\\/19\\\/our-campaign-was-on-national-tv\\\/#primaryimage\",\"url\":\"https:\\\/\\\/centering.hr\\\/wp-content\\\/uploads\\\/2021\\\/12\\\/Post_WG_billboard_politika_2021.jpg\",\"contentUrl\":\"https:\\\/\\\/centering.hr\\\/wp-content\\\/uploads\\\/2021\\\/12\\\/Post_WG_billboard_politika_2021.jpg\",\"width\":960,\"height\":876,\"caption\":\"Vrijeme je za pravu promjenu. Foteljo mijenjam te\"},{\"@type\":\"BreadcrumbList\",\"@id\":\"https:\\\/\\\/centering.hr\\\/2021\\\/12\\\/19\\\/our-campaign-was-on-national-tv\\\/#breadcrumb\",\"itemListElement\":[{\"@type\":\"ListItem\",\"position\":1,\"name\":\"Home\",\"item\":\"https:\\\/\\\/centering.hr\\\/hr\\\/\"},{\"@type\":\"ListItem\",\"position\":2,\"name\":\"Our campaign was on national TV!\"}]},{\"@type\":\"WebSite\",\"@id\":\"https:\\\/\\\/centering.hr\\\/#website\",\"url\":\"https:\\\/\\\/centering.hr\\\/\",\"name\":\"Centering\",\"description\":\"marketing i pr\",\"publisher\":{\"@id\":\"https:\\\/\\\/centering.hr\\\/#organization\"},\"potentialAction\":[{\"@type\":\"SearchAction\",\"target\":{\"@type\":\"EntryPoint\",\"urlTemplate\":\"https:\\\/\\\/centering.hr\\\/?s={search_term_string}\"},\"query-input\":{\"@type\":\"PropertyValueSpecification\",\"valueRequired\":true,\"valueName\":\"search_term_string\"}}],\"inLanguage\":\"hr\"},{\"@type\":\"Organization\",\"@id\":\"https:\\\/\\\/centering.hr\\\/#organization\",\"name\":\"F.O. Centering\",\"url\":\"https:\\\/\\\/centering.hr\\\/\",\"logo\":{\"@type\":\"ImageObject\",\"inLanguage\":\"hr\",\"@id\":\"https:\\\/\\\/centering.hr\\\/#\\\/schema\\\/logo\\\/image\\\/\",\"url\":\"https:\\\/\\\/centering.hr\\\/wp-content\\\/uploads\\\/2021\\\/12\\\/logo-foc-centering-white-stroke.png\",\"contentUrl\":\"https:\\\/\\\/centering.hr\\\/wp-content\\\/uploads\\\/2021\\\/12\\\/logo-foc-centering-white-stroke.png\",\"width\":800,\"height\":86,\"caption\":\"F.O. Centering\"},\"image\":{\"@id\":\"https:\\\/\\\/centering.hr\\\/#\\\/schema\\\/logo\\\/image\\\/\"},\"sameAs\":[\"https:\\\/\\\/www.instagram.com\\\/centering.agency\\\/?hl=hr\",\"https:\\\/\\\/hr.linkedin.com\\\/company\\\/centering-agency\"]},{\"@type\":\"Person\",\"@id\":\"https:\\\/\\\/centering.hr\\\/#\\\/schema\\\/person\\\/63a976a1d01f30805d0edf7b003828eb\",\"name\":\"admin\",\"image\":{\"@type\":\"ImageObject\",\"inLanguage\":\"hr\",\"@id\":\"https:\\\/\\\/secure.gravatar.com\\\/avatar\\\/ce5cb1c09b1fd19981c425e3c82a4d4beacb6fa33d8cf9b7533813e4e7fe4314?s=96&d=mm&r=g\",\"url\":\"https:\\\/\\\/secure.gravatar.com\\\/avatar\\\/ce5cb1c09b1fd19981c425e3c82a4d4beacb6fa33d8cf9b7533813e4e7fe4314?s=96&d=mm&r=g\",\"contentUrl\":\"https:\\\/\\\/secure.gravatar.com\\\/avatar\\\/ce5cb1c09b1fd19981c425e3c82a4d4beacb6fa33d8cf9b7533813e4e7fe4314?s=96&d=mm&r=g\",\"caption\":\"admin\"},\"sameAs\":[\"https:\\\/\\\/centering.hr\"],\"url\":\"http:\\\/\\\/centering.hr\\\/hr\\\/author\\\/admin\\\/\"}]}<\/script>\n<!-- \/ Yoast SEO plugin. -->","yoast_head_json":{"title":"Our campaign was on national TV! - Centering","robots":{"index":"index","follow":"follow","max-snippet":"max-snippet:-1","max-image-preview":"max-image-preview:large","max-video-preview":"max-video-preview:-1"},"canonical":"https:\/\/centering.hr\/hr\/2021\/12\/19\/our-campaign-was-on-national-tv\/","og_locale":"hr_HR","og_type":"article","og_title":"Our campaign was on national TV! - Centering","og_description":"Westgate Shopping City, the largest shopping centre in ADRIA region, launched its furniture and home decorations cluster. As a part of the promotion, we came with the PR campaign along the Croatian local and regional elections. We picked political campaigns of the 5 most perspective candidates in Zagreb, and changed slogans just a\u00a0bit so they [&hellip;]","og_url":"https:\/\/centering.hr\/hr\/2021\/12\/19\/our-campaign-was-on-national-tv\/","og_site_name":"Centering","article_published_time":"2021-12-19T22:00:53+00:00","article_modified_time":"2021-12-19T22:01:27+00:00","og_image":[{"width":960,"height":876,"url":"https:\/\/centering.hr\/wp-content\/uploads\/2021\/12\/Post_WG_billboard_politika_2021.jpg","type":"image\/jpeg"}],"author":"admin","twitter_card":"summary_large_image","twitter_misc":{"Napisao\/la":"admin","Procijenjeno vrijeme \u010ditanja":"1 minuta"},"schema":{"@context":"https:\/\/schema.org","@graph":[{"@type":"Article","@id":"https:\/\/centering.hr\/2021\/12\/19\/our-campaign-was-on-national-tv\/#article","isPartOf":{"@id":"https:\/\/centering.hr\/2021\/12\/19\/our-campaign-was-on-national-tv\/"},"author":{"name":"admin","@id":"https:\/\/centering.hr\/#\/schema\/person\/63a976a1d01f30805d0edf7b003828eb"},"headline":"Our campaign was on national TV!","datePublished":"2021-12-19T22:00:53+00:00","dateModified":"2021-12-19T22:01:27+00:00","mainEntityOfPage":{"@id":"https:\/\/centering.hr\/2021\/12\/19\/our-campaign-was-on-national-tv\/"},"wordCount":208,"commentCount":0,"publisher":{"@id":"https:\/\/centering.hr\/#organization"},"image":{"@id":"https:\/\/centering.hr\/2021\/12\/19\/our-campaign-was-on-national-tv\/#primaryimage"},"thumbnailUrl":"https:\/\/centering.hr\/wp-content\/uploads\/2021\/12\/Post_WG_billboard_politika_2021.jpg","keywords":["guerilla marketing","politika","pr","westgate"],"articleSection":["blog"],"inLanguage":"hr","potentialAction":[{"@type":"CommentAction","name":"Comment","target":["https:\/\/centering.hr\/2021\/12\/19\/our-campaign-was-on-national-tv\/#respond"]}]},{"@type":"WebPage","@id":"https:\/\/centering.hr\/2021\/12\/19\/our-campaign-was-on-national-tv\/","url":"https:\/\/centering.hr\/2021\/12\/19\/our-campaign-was-on-national-tv\/","name":"Our campaign was on national TV! - Centering","isPartOf":{"@id":"https:\/\/centering.hr\/#website"},"primaryImageOfPage":{"@id":"https:\/\/centering.hr\/2021\/12\/19\/our-campaign-was-on-national-tv\/#primaryimage"},"image":{"@id":"https:\/\/centering.hr\/2021\/12\/19\/our-campaign-was-on-national-tv\/#primaryimage"},"thumbnailUrl":"https:\/\/centering.hr\/wp-content\/uploads\/2021\/12\/Post_WG_billboard_politika_2021.jpg","datePublished":"2021-12-19T22:00:53+00:00","dateModified":"2021-12-19T22:01:27+00:00","breadcrumb":{"@id":"https:\/\/centering.hr\/2021\/12\/19\/our-campaign-was-on-national-tv\/#breadcrumb"},"inLanguage":"hr","potentialAction":[{"@type":"ReadAction","target":["https:\/\/centering.hr\/2021\/12\/19\/our-campaign-was-on-national-tv\/"]}]},{"@type":"ImageObject","inLanguage":"hr","@id":"https:\/\/centering.hr\/2021\/12\/19\/our-campaign-was-on-national-tv\/#primaryimage","url":"https:\/\/centering.hr\/wp-content\/uploads\/2021\/12\/Post_WG_billboard_politika_2021.jpg","contentUrl":"https:\/\/centering.hr\/wp-content\/uploads\/2021\/12\/Post_WG_billboard_politika_2021.jpg","width":960,"height":876,"caption":"Vrijeme je za pravu promjenu. Foteljo mijenjam te"},{"@type":"BreadcrumbList","@id":"https:\/\/centering.hr\/2021\/12\/19\/our-campaign-was-on-national-tv\/#breadcrumb","itemListElement":[{"@type":"ListItem","position":1,"name":"Home","item":"https:\/\/centering.hr\/hr\/"},{"@type":"ListItem","position":2,"name":"Our campaign was on national TV!"}]},{"@type":"WebSite","@id":"https:\/\/centering.hr\/#website","url":"https:\/\/centering.hr\/","name":"Centering","description":"marketing i pr","publisher":{"@id":"https:\/\/centering.hr\/#organization"},"potentialAction":[{"@type":"SearchAction","target":{"@type":"EntryPoint","urlTemplate":"https:\/\/centering.hr\/?s={search_term_string}"},"query-input":{"@type":"PropertyValueSpecification","valueRequired":true,"valueName":"search_term_string"}}],"inLanguage":"hr"},{"@type":"Organization","@id":"https:\/\/centering.hr\/#organization","name":"F.O. Centering","url":"https:\/\/centering.hr\/","logo":{"@type":"ImageObject","inLanguage":"hr","@id":"https:\/\/centering.hr\/#\/schema\/logo\/image\/","url":"https:\/\/centering.hr\/wp-content\/uploads\/2021\/12\/logo-foc-centering-white-stroke.png","contentUrl":"https:\/\/centering.hr\/wp-content\/uploads\/2021\/12\/logo-foc-centering-white-stroke.png","width":800,"height":86,"caption":"F.O. Centering"},"image":{"@id":"https:\/\/centering.hr\/#\/schema\/logo\/image\/"},"sameAs":["https:\/\/www.instagram.com\/centering.agency\/?hl=hr","https:\/\/hr.linkedin.com\/company\/centering-agency"]},{"@type":"Person","@id":"https:\/\/centering.hr\/#\/schema\/person\/63a976a1d01f30805d0edf7b003828eb","name":"admin","image":{"@type":"ImageObject","inLanguage":"hr","@id":"https:\/\/secure.gravatar.com\/avatar\/ce5cb1c09b1fd19981c425e3c82a4d4beacb6fa33d8cf9b7533813e4e7fe4314?s=96&d=mm&r=g","url":"https:\/\/secure.gravatar.com\/avatar\/ce5cb1c09b1fd19981c425e3c82a4d4beacb6fa33d8cf9b7533813e4e7fe4314?s=96&d=mm&r=g","contentUrl":"https:\/\/secure.gravatar.com\/avatar\/ce5cb1c09b1fd19981c425e3c82a4d4beacb6fa33d8cf9b7533813e4e7fe4314?s=96&d=mm&r=g","caption":"admin"},"sameAs":["https:\/\/centering.hr"],"url":"http:\/\/centering.hr\/hr\/author\/admin\/"}]}},"_links":{"self":[{"href":"http:\/\/centering.hr\/hr\/wp-json\/wp\/v2\/posts\/2068","targetHints":{"allow":["GET"]}}],"collection":[{"href":"http:\/\/centering.hr\/hr\/wp-json\/wp\/v2\/posts"}],"about":[{"href":"http:\/\/centering.hr\/hr\/wp-json\/wp\/v2\/types\/post"}],"author":[{"embeddable":true,"href":"http:\/\/centering.hr\/hr\/wp-json\/wp\/v2\/users\/1"}],"replies":[{"embeddable":true,"href":"http:\/\/centering.hr\/hr\/wp-json\/wp\/v2\/comments?post=2068"}],"version-history":[{"count":2,"href":"http:\/\/centering.hr\/hr\/wp-json\/wp\/v2\/posts\/2068\/revisions"}],"predecessor-version":[{"id":2071,"href":"http:\/\/centering.hr\/hr\/wp-json\/wp\/v2\/posts\/2068\/revisions\/2071"}],"wp:featuredmedia":[{"embeddable":true,"href":"http:\/\/centering.hr\/hr\/wp-json\/wp\/v2\/media\/2069"}],"wp:attachment":[{"href":"http:\/\/centering.hr\/hr\/wp-json\/wp\/v2\/media?parent=2068"}],"wp:term":[{"taxonomy":"category","embeddable":true,"href":"http:\/\/centering.hr\/hr\/wp-json\/wp\/v2\/categories?post=2068"},{"taxonomy":"post_tag","embeddable":true,"href":"http:\/\/centering.hr\/hr\/wp-json\/wp\/v2\/tags?post=2068"}],"curies":[{"name":"wp","href":"https:\/\/api.w.org\/{rel}","templated":true}]}}