{
    "id": 2254,
    "date": "2022-06-23T13:45:22",
    "date_gmt": "2022-06-23T13:45:22",
    "guid": {
        "rendered": "https:\/\/centering.hr\/?p=2254"
    },
    "modified": "2022-06-23T13:45:22",
    "modified_gmt": "2022-06-23T13:45:22",
    "slug": "s-ulica-pariza-do-zapresica-fete-de-la-musique",
    "status": "publish",
    "type": "post",
    "link": "http:\/\/centering.hr\/en\/2022\/06\/23\/s-ulica-pariza-do-zapresica-fete-de-la-musique\/",
    "title": {
        "rendered": "S ulica Pariza do Zapre\u0161i\u0107a: F\u00eate de la Musique"
    },
    "content": {
        "rendered": "<p><span dir=\"ltr\" role=\"presentation\">Po uzoru na francuski festival F\u00eate de la Musique, za klijenta Westgate Shopping City organizirali smo glazbeni festival na &#8216;ulicama&#8217; i &#8216;trgovima&#8217; trgova\u010dkog centra.<\/span><\/p>\n<p><span dir=\"ltr\" role=\"presentation\">Na prvom hrvatskom F\u00eate de la Musiqueu nastupali su mladi, jo\u0161 uvijek neotkriveni bendovi, kao i iskusni glazbenici &#8211; me\u0111u kojima je i ovogodi\u0161nja hrvatska predstavnica na Eurosongu Mia Dim\u0161i\u0107.<\/span><\/p>\n<p><span dir=\"ltr\" role=\"presentation\">Posjetitelji Westgatea su prvog dana doga\u0111aja <\/span><span dir=\"ltr\" role=\"presentation\">mogli u\u017eivati u glazbi natjecatelja The Voice-a Jurice Jela\u010de i Jakova Grubi\u0161aka te bendova Cullen&#8217;s Sisters i <\/span><span dir=\"ltr\" role=\"presentation\">Fakmanda, dok su drugog dana nastupili poznati regionalni izvo\u0111a\u010d podrijetlom iz Sjeverne Makedonije, David Temelkov, Matej Mudrov\u010di\u0107 Mudri, <\/span><span dir=\"ltr\" role=\"presentation\">Mario Pavli\u0107 i ovogodi\u0161nja hrvatska predstavnica na Eurosongu &#8211; Mia <\/span><span dir=\"ltr\" role=\"presentation\">Dim\u0161i\u0107.<\/span><\/p>\n<p><span dir=\"ltr\" role=\"presentation\">Hvala Westgateu \u0161to nam je pru\u017eio mogu\u0107nost organizacije ovakvog doga\u0111anja punog dobrih emocija!\u00a0<\/span><\/p>\n<p>&nbsp;<\/p>",
        "protected": false
    },
    "excerpt": {
        "rendered": "<p>Po uzoru na francuski festival F\u00eate de la Musique, za klijenta Westgate Shopping City organizirali smo glazbeni festival na &#8216;ulicama&#8217; i &#8216;trgovima&#8217; trgova\u010dkog centra. Na prvom hrvatskom F\u00eate de la Musiqueu nastupali su mladi, jo\u0161 uvijek neotkriveni bendovi, kao i iskusni glazbenici &#8211; me\u0111u kojima je i ovogodi\u0161nja hrvatska predstavnica na Eurosongu Mia Dim\u0161i\u0107. Posjetitelji [&hellip;]<\/p>",
        "protected": false
    },
    "author": 2,
    "featured_media": 2253,
    "comment_status": "open",
    "ping_status": "open",
    "sticky": false,
    "template": "",
    "format": "standard",
    "meta": {
        "footnotes": ""
    },
    "categories": [
        1
    ],
    "tags": [],
    "class_list": [
        "post-2254",
        "post",
        "type-post",
        "status-publish",
        "format-standard",
        "has-post-thumbnail",
        "hentry",
        "category-blog"
    ],
    "blocksy_meta": {
        "styles_descriptor": {
            "styles": {
                "desktop": "",
                "tablet": "",
                "mobile": ""
            },
            "google_fonts": [],
            "version": 4
        }
    },
    "yoast_head": "<!-- This site is optimized with the Yoast SEO plugin v27.5 - https:\/\/yoast.com\/product\/yoast-seo-wordpress\/ -->\n<title>S ulica Pariza do Zapre\u0161i\u0107a: F\u00eate de la Musique - Centering<\/title>\n<meta name=\"description\" content=\"Po uzoru na francuski festival F\u00eate de la Musique, u Westgateu su nastupili Mia Dim\u0161i\u0107, David Temelkov, Cullen&#039;s sisters i Fakmanda.\" \/>\n<meta name=\"robots\" content=\"index, follow, max-snippet:-1, max-image-preview:large, max-video-preview:-1\" \/>\n<link rel=\"canonical\" href=\"https:\/\/centering.hr\/en\/2022\/06\/23\/s-ulica-pariza-do-zapresica-fete-de-la-musique\/\" \/>\n<meta property=\"og:locale\" content=\"en_GB\" \/>\n<meta property=\"og:type\" content=\"article\" \/>\n<meta property=\"og:title\" content=\"S ulica Pariza do Zapre\u0161i\u0107a: F\u00eate de la Musique - Centering\" \/>\n<meta property=\"og:description\" content=\"Po uzoru na francuski festival F\u00eate de la Musique, u Westgateu su nastupili Mia Dim\u0161i\u0107, David Temelkov, Cullen&#039;s sisters i Fakmanda.\" \/>\n<meta property=\"og:url\" content=\"https:\/\/centering.hr\/en\/2022\/06\/23\/s-ulica-pariza-do-zapresica-fete-de-la-musique\/\" \/>\n<meta property=\"og:site_name\" content=\"Centering\" \/>\n<meta property=\"article:published_time\" content=\"2022-06-23T13:45:22+00:00\" \/>\n<meta property=\"og:image\" content=\"https:\/\/centering.hr\/wp-content\/uploads\/2022\/06\/fete_naslovna.jpg\" \/>\n\t<meta property=\"og:image:width\" content=\"2400\" \/>\n\t<meta property=\"og:image:height\" content=\"1600\" \/>\n\t<meta property=\"og:image:type\" content=\"image\/jpeg\" \/>\n<meta name=\"author\" content=\"author\" \/>\n<meta name=\"twitter:card\" content=\"summary_large_image\" \/>\n<meta name=\"twitter:label1\" content=\"Written by\" \/>\n\t<meta name=\"twitter:data1\" content=\"author\" \/>\n\t<meta name=\"twitter:label2\" content=\"Estimated reading time\" \/>\n\t<meta name=\"twitter:data2\" content=\"1 minute\" \/>\n<script type=\"application\/ld+json\" class=\"yoast-schema-graph\">{\"@context\":\"https:\\\/\\\/schema.org\",\"@graph\":[{\"@type\":\"Article\",\"@id\":\"https:\\\/\\\/centering.hr\\\/2022\\\/06\\\/23\\\/s-ulica-pariza-do-zapresica-fete-de-la-musique\\\/#article\",\"isPartOf\":{\"@id\":\"https:\\\/\\\/centering.hr\\\/2022\\\/06\\\/23\\\/s-ulica-pariza-do-zapresica-fete-de-la-musique\\\/\"},\"author\":{\"name\":\"author\",\"@id\":\"https:\\\/\\\/centering.hr\\\/#\\\/schema\\\/person\\\/bb27d9bdd135ba1f6a5752049e0ad0d1\"},\"headline\":\"S ulica Pariza do Zapre\u0161i\u0107a: F\u00eate de la Musique\",\"datePublished\":\"2022-06-23T13:45:22+00:00\",\"mainEntityOfPage\":{\"@id\":\"https:\\\/\\\/centering.hr\\\/2022\\\/06\\\/23\\\/s-ulica-pariza-do-zapresica-fete-de-la-musique\\\/\"},\"wordCount\":150,\"commentCount\":0,\"publisher\":{\"@id\":\"https:\\\/\\\/centering.hr\\\/#organization\"},\"image\":{\"@id\":\"https:\\\/\\\/centering.hr\\\/2022\\\/06\\\/23\\\/s-ulica-pariza-do-zapresica-fete-de-la-musique\\\/#primaryimage\"},\"thumbnailUrl\":\"https:\\\/\\\/centering.hr\\\/wp-content\\\/uploads\\\/2022\\\/06\\\/fete_naslovna.jpg\",\"articleSection\":[\"blog\"],\"inLanguage\":\"en-GB\",\"potentialAction\":[{\"@type\":\"CommentAction\",\"name\":\"Comment\",\"target\":[\"https:\\\/\\\/centering.hr\\\/2022\\\/06\\\/23\\\/s-ulica-pariza-do-zapresica-fete-de-la-musique\\\/#respond\"]}]},{\"@type\":\"WebPage\",\"@id\":\"https:\\\/\\\/centering.hr\\\/2022\\\/06\\\/23\\\/s-ulica-pariza-do-zapresica-fete-de-la-musique\\\/\",\"url\":\"https:\\\/\\\/centering.hr\\\/2022\\\/06\\\/23\\\/s-ulica-pariza-do-zapresica-fete-de-la-musique\\\/\",\"name\":\"S ulica Pariza do Zapre\u0161i\u0107a: F\u00eate de la Musique - Centering\",\"isPartOf\":{\"@id\":\"https:\\\/\\\/centering.hr\\\/#website\"},\"primaryImageOfPage\":{\"@id\":\"https:\\\/\\\/centering.hr\\\/2022\\\/06\\\/23\\\/s-ulica-pariza-do-zapresica-fete-de-la-musique\\\/#primaryimage\"},\"image\":{\"@id\":\"https:\\\/\\\/centering.hr\\\/2022\\\/06\\\/23\\\/s-ulica-pariza-do-zapresica-fete-de-la-musique\\\/#primaryimage\"},\"thumbnailUrl\":\"https:\\\/\\\/centering.hr\\\/wp-content\\\/uploads\\\/2022\\\/06\\\/fete_naslovna.jpg\",\"datePublished\":\"2022-06-23T13:45:22+00:00\",\"description\":\"Po uzoru na francuski festival F\u00eate de la Musique, u Westgateu su nastupili Mia Dim\u0161i\u0107, David Temelkov, Cullen's sisters i Fakmanda.\",\"breadcrumb\":{\"@id\":\"https:\\\/\\\/centering.hr\\\/2022\\\/06\\\/23\\\/s-ulica-pariza-do-zapresica-fete-de-la-musique\\\/#breadcrumb\"},\"inLanguage\":\"en-GB\",\"potentialAction\":[{\"@type\":\"ReadAction\",\"target\":[\"https:\\\/\\\/centering.hr\\\/2022\\\/06\\\/23\\\/s-ulica-pariza-do-zapresica-fete-de-la-musique\\\/\"]}]},{\"@type\":\"ImageObject\",\"inLanguage\":\"en-GB\",\"@id\":\"https:\\\/\\\/centering.hr\\\/2022\\\/06\\\/23\\\/s-ulica-pariza-do-zapresica-fete-de-la-musique\\\/#primaryimage\",\"url\":\"https:\\\/\\\/centering.hr\\\/wp-content\\\/uploads\\\/2022\\\/06\\\/fete_naslovna.jpg\",\"contentUrl\":\"https:\\\/\\\/centering.hr\\\/wp-content\\\/uploads\\\/2022\\\/06\\\/fete_naslovna.jpg\",\"width\":2400,\"height\":1600,\"caption\":\"Organizacija doga\u0111aja\"},{\"@type\":\"BreadcrumbList\",\"@id\":\"https:\\\/\\\/centering.hr\\\/2022\\\/06\\\/23\\\/s-ulica-pariza-do-zapresica-fete-de-la-musique\\\/#breadcrumb\",\"itemListElement\":[{\"@type\":\"ListItem\",\"position\":1,\"name\":\"Home\",\"item\":\"https:\\\/\\\/centering.hr\\\/hr\\\/\"},{\"@type\":\"ListItem\",\"position\":2,\"name\":\"S ulica Pariza do Zapre\u0161i\u0107a: F\u00eate de la Musique\"}]},{\"@type\":\"WebSite\",\"@id\":\"https:\\\/\\\/centering.hr\\\/#website\",\"url\":\"https:\\\/\\\/centering.hr\\\/\",\"name\":\"Centering\",\"description\":\"marketing i pr\",\"publisher\":{\"@id\":\"https:\\\/\\\/centering.hr\\\/#organization\"},\"potentialAction\":[{\"@type\":\"SearchAction\",\"target\":{\"@type\":\"EntryPoint\",\"urlTemplate\":\"https:\\\/\\\/centering.hr\\\/?s={search_term_string}\"},\"query-input\":{\"@type\":\"PropertyValueSpecification\",\"valueRequired\":true,\"valueName\":\"search_term_string\"}}],\"inLanguage\":\"en-GB\"},{\"@type\":\"Organization\",\"@id\":\"https:\\\/\\\/centering.hr\\\/#organization\",\"name\":\"F.O. Centering\",\"url\":\"https:\\\/\\\/centering.hr\\\/\",\"logo\":{\"@type\":\"ImageObject\",\"inLanguage\":\"en-GB\",\"@id\":\"https:\\\/\\\/centering.hr\\\/#\\\/schema\\\/logo\\\/image\\\/\",\"url\":\"https:\\\/\\\/centering.hr\\\/wp-content\\\/uploads\\\/2021\\\/12\\\/logo-foc-centering-white-stroke.png\",\"contentUrl\":\"https:\\\/\\\/centering.hr\\\/wp-content\\\/uploads\\\/2021\\\/12\\\/logo-foc-centering-white-stroke.png\",\"width\":800,\"height\":86,\"caption\":\"F.O. Centering\"},\"image\":{\"@id\":\"https:\\\/\\\/centering.hr\\\/#\\\/schema\\\/logo\\\/image\\\/\"},\"sameAs\":[\"https:\\\/\\\/www.instagram.com\\\/centering.agency\\\/?hl=hr\",\"https:\\\/\\\/hr.linkedin.com\\\/company\\\/centering-agency\"]},{\"@type\":\"Person\",\"@id\":\"https:\\\/\\\/centering.hr\\\/#\\\/schema\\\/person\\\/bb27d9bdd135ba1f6a5752049e0ad0d1\",\"name\":\"author\",\"image\":{\"@type\":\"ImageObject\",\"inLanguage\":\"en-GB\",\"@id\":\"https:\\\/\\\/secure.gravatar.com\\\/avatar\\\/6b922c25c93df51cf4395b443841a125582a6bddf0bd7a5ee3649f97989be079?s=96&d=mm&r=g\",\"url\":\"https:\\\/\\\/secure.gravatar.com\\\/avatar\\\/6b922c25c93df51cf4395b443841a125582a6bddf0bd7a5ee3649f97989be079?s=96&d=mm&r=g\",\"contentUrl\":\"https:\\\/\\\/secure.gravatar.com\\\/avatar\\\/6b922c25c93df51cf4395b443841a125582a6bddf0bd7a5ee3649f97989be079?s=96&d=mm&r=g\",\"caption\":\"author\"},\"url\":\"http:\\\/\\\/centering.hr\\\/en\\\/author\\\/author\\\/\"}]}<\/script>\n<!-- \/ Yoast SEO plugin. -->",
    "yoast_head_json": {
        "title": "S ulica Pariza do Zapre\u0161i\u0107a: F\u00eate de la Musique - Centering",
        "description": "Po uzoru na francuski festival F\u00eate de la Musique, u Westgateu su nastupili Mia Dim\u0161i\u0107, David Temelkov, Cullen's sisters i Fakmanda.",
        "robots": {
            "index": "index",
            "follow": "follow",
            "max-snippet": "max-snippet:-1",
            "max-image-preview": "max-image-preview:large",
            "max-video-preview": "max-video-preview:-1"
        },
        "canonical": "https:\/\/centering.hr\/en\/2022\/06\/23\/s-ulica-pariza-do-zapresica-fete-de-la-musique\/",
        "og_locale": "en_GB",
        "og_type": "article",
        "og_title": "S ulica Pariza do Zapre\u0161i\u0107a: F\u00eate de la Musique - Centering",
        "og_description": "Po uzoru na francuski festival F\u00eate de la Musique, u Westgateu su nastupili Mia Dim\u0161i\u0107, David Temelkov, Cullen's sisters i Fakmanda.",
        "og_url": "https:\/\/centering.hr\/en\/2022\/06\/23\/s-ulica-pariza-do-zapresica-fete-de-la-musique\/",
        "og_site_name": "Centering",
        "article_published_time": "2022-06-23T13:45:22+00:00",
        "og_image": [
            {
                "width": 2400,
                "height": 1600,
                "url": "https:\/\/centering.hr\/wp-content\/uploads\/2022\/06\/fete_naslovna.jpg",
                "type": "image\/jpeg"
            }
        ],
        "author": "author",
        "twitter_card": "summary_large_image",
        "twitter_misc": {
            "Written by": "author",
            "Estimated reading time": "1 minute"
        },
        "schema": {
            "@context": "https:\/\/schema.org",
            "@graph": [
                {
                    "@type": "Article",
                    "@id": "https:\/\/centering.hr\/2022\/06\/23\/s-ulica-pariza-do-zapresica-fete-de-la-musique\/#article",
                    "isPartOf": {
                        "@id": "https:\/\/centering.hr\/2022\/06\/23\/s-ulica-pariza-do-zapresica-fete-de-la-musique\/"
                    },
                    "author": {
                        "name": "author",
                        "@id": "https:\/\/centering.hr\/#\/schema\/person\/bb27d9bdd135ba1f6a5752049e0ad0d1"
                    },
                    "headline": "S ulica Pariza do Zapre\u0161i\u0107a: F\u00eate de la Musique",
                    "datePublished": "2022-06-23T13:45:22+00:00",
                    "mainEntityOfPage": {
                        "@id": "https:\/\/centering.hr\/2022\/06\/23\/s-ulica-pariza-do-zapresica-fete-de-la-musique\/"
                    },
                    "wordCount": 150,
                    "commentCount": 0,
                    "publisher": {
                        "@id": "https:\/\/centering.hr\/#organization"
                    },
                    "image": {
                        "@id": "https:\/\/centering.hr\/2022\/06\/23\/s-ulica-pariza-do-zapresica-fete-de-la-musique\/#primaryimage"
                    },
                    "thumbnailUrl": "https:\/\/centering.hr\/wp-content\/uploads\/2022\/06\/fete_naslovna.jpg",
                    "articleSection": [
                        "blog"
                    ],
                    "inLanguage": "en-GB",
                    "potentialAction": [
                        {
                            "@type": "CommentAction",
                            "name": "Comment",
                            "target": [
                                "https:\/\/centering.hr\/2022\/06\/23\/s-ulica-pariza-do-zapresica-fete-de-la-musique\/#respond"
                            ]
                        }
                    ]
                },
                {
                    "@type": "WebPage",
                    "@id": "https:\/\/centering.hr\/2022\/06\/23\/s-ulica-pariza-do-zapresica-fete-de-la-musique\/",
                    "url": "https:\/\/centering.hr\/2022\/06\/23\/s-ulica-pariza-do-zapresica-fete-de-la-musique\/",
                    "name": "S ulica Pariza do Zapre\u0161i\u0107a: F\u00eate de la Musique - Centering",
                    "isPartOf": {
                        "@id": "https:\/\/centering.hr\/#website"
                    },
                    "primaryImageOfPage": {
                        "@id": "https:\/\/centering.hr\/2022\/06\/23\/s-ulica-pariza-do-zapresica-fete-de-la-musique\/#primaryimage"
                    },
                    "image": {
                        "@id": "https:\/\/centering.hr\/2022\/06\/23\/s-ulica-pariza-do-zapresica-fete-de-la-musique\/#primaryimage"
                    },
                    "thumbnailUrl": "https:\/\/centering.hr\/wp-content\/uploads\/2022\/06\/fete_naslovna.jpg",
                    "datePublished": "2022-06-23T13:45:22+00:00",
                    "description": "Po uzoru na francuski festival F\u00eate de la Musique, u Westgateu su nastupili Mia Dim\u0161i\u0107, David Temelkov, Cullen's sisters i Fakmanda.",
                    "breadcrumb": {
                        "@id": "https:\/\/centering.hr\/2022\/06\/23\/s-ulica-pariza-do-zapresica-fete-de-la-musique\/#breadcrumb"
                    },
                    "inLanguage": "en-GB",
                    "potentialAction": [
                        {
                            "@type": "ReadAction",
                            "target": [
                                "https:\/\/centering.hr\/2022\/06\/23\/s-ulica-pariza-do-zapresica-fete-de-la-musique\/"
                            ]
                        }
                    ]
                },
                {
                    "@type": "ImageObject",
                    "inLanguage": "en-GB",
                    "@id": "https:\/\/centering.hr\/2022\/06\/23\/s-ulica-pariza-do-zapresica-fete-de-la-musique\/#primaryimage",
                    "url": "https:\/\/centering.hr\/wp-content\/uploads\/2022\/06\/fete_naslovna.jpg",
                    "contentUrl": "https:\/\/centering.hr\/wp-content\/uploads\/2022\/06\/fete_naslovna.jpg",
                    "width": 2400,
                    "height": 1600,
                    "caption": "Organizacija doga\u0111aja"
                },
                {
                    "@type": "BreadcrumbList",
                    "@id": "https:\/\/centering.hr\/2022\/06\/23\/s-ulica-pariza-do-zapresica-fete-de-la-musique\/#breadcrumb",
                    "itemListElement": [
                        {
                            "@type": "ListItem",
                            "position": 1,
                            "name": "Home",
                            "item": "https:\/\/centering.hr\/hr\/"
                        },
                        {
                            "@type": "ListItem",
                            "position": 2,
                            "name": "S ulica Pariza do Zapre\u0161i\u0107a: F\u00eate de la Musique"
                        }
                    ]
                },
                {
                    "@type": "WebSite",
                    "@id": "https:\/\/centering.hr\/#website",
                    "url": "https:\/\/centering.hr\/",
                    "name": "Centering",
                    "description": "marketing i pr",
                    "publisher": {
                        "@id": "https:\/\/centering.hr\/#organization"
                    },
                    "potentialAction": [
                        {
                            "@type": "SearchAction",
                            "target": {
                                "@type": "EntryPoint",
                                "urlTemplate": "https:\/\/centering.hr\/?s={search_term_string}"
                            },
                            "query-input": {
                                "@type": "PropertyValueSpecification",
                                "valueRequired": true,
                                "valueName": "search_term_string"
                            }
                        }
                    ],
                    "inLanguage": "en-GB"
                },
                {
                    "@type": "Organization",
                    "@id": "https:\/\/centering.hr\/#organization",
                    "name": "F.O. Centering",
                    "url": "https:\/\/centering.hr\/",
                    "logo": {
                        "@type": "ImageObject",
                        "inLanguage": "en-GB",
                        "@id": "https:\/\/centering.hr\/#\/schema\/logo\/image\/",
                        "url": "https:\/\/centering.hr\/wp-content\/uploads\/2021\/12\/logo-foc-centering-white-stroke.png",
                        "contentUrl": "https:\/\/centering.hr\/wp-content\/uploads\/2021\/12\/logo-foc-centering-white-stroke.png",
                        "width": 800,
                        "height": 86,
                        "caption": "F.O. Centering"
                    },
                    "image": {
                        "@id": "https:\/\/centering.hr\/#\/schema\/logo\/image\/"
                    },
                    "sameAs": [
                        "https:\/\/www.instagram.com\/centering.agency\/?hl=hr",
                        "https:\/\/hr.linkedin.com\/company\/centering-agency"
                    ]
                },
                {
                    "@type": "Person",
                    "@id": "https:\/\/centering.hr\/#\/schema\/person\/bb27d9bdd135ba1f6a5752049e0ad0d1",
                    "name": "author",
                    "image": {
                        "@type": "ImageObject",
                        "inLanguage": "en-GB",
                        "@id": "https:\/\/secure.gravatar.com\/avatar\/6b922c25c93df51cf4395b443841a125582a6bddf0bd7a5ee3649f97989be079?s=96&d=mm&r=g",
                        "url": "https:\/\/secure.gravatar.com\/avatar\/6b922c25c93df51cf4395b443841a125582a6bddf0bd7a5ee3649f97989be079?s=96&d=mm&r=g",
                        "contentUrl": "https:\/\/secure.gravatar.com\/avatar\/6b922c25c93df51cf4395b443841a125582a6bddf0bd7a5ee3649f97989be079?s=96&d=mm&r=g",
                        "caption": "author"
                    },
                    "url": "http:\/\/centering.hr\/en\/author\/author\/"
                }
            ]
        }
    },
    "_links": {
        "self": [
            {
                "href": "http:\/\/centering.hr\/en\/wp-json\/wp\/v2\/posts\/2254",
                "targetHints": {
                    "allow": [
                        "GET"
                    ]
                }
            }
        ],
        "collection": [
            {
                "href": "http:\/\/centering.hr\/en\/wp-json\/wp\/v2\/posts"
            }
        ],
        "about": [
            {
                "href": "http:\/\/centering.hr\/en\/wp-json\/wp\/v2\/types\/post"
            }
        ],
        "author": [
            {
                "embeddable": true,
                "href": "http:\/\/centering.hr\/en\/wp-json\/wp\/v2\/users\/2"
            }
        ],
        "replies": [
            {
                "embeddable": true,
                "href": "http:\/\/centering.hr\/en\/wp-json\/wp\/v2\/comments?post=2254"
            }
        ],
        "version-history": [
            {
                "count": 1,
                "href": "http:\/\/centering.hr\/en\/wp-json\/wp\/v2\/posts\/2254\/revisions"
            }
        ],
        "predecessor-version": [
            {
                "id": 2257,
                "href": "http:\/\/centering.hr\/en\/wp-json\/wp\/v2\/posts\/2254\/revisions\/2257"
            }
        ],
        "wp:featuredmedia": [
            {
                "embeddable": true,
                "href": "http:\/\/centering.hr\/en\/wp-json\/wp\/v2\/media\/2253"
            }
        ],
        "wp:attachment": [
            {
                "href": "http:\/\/centering.hr\/en\/wp-json\/wp\/v2\/media?parent=2254"
            }
        ],
        "wp:term": [
            {
                "taxonomy": "category",
                "embeddable": true,
                "href": "http:\/\/centering.hr\/en\/wp-json\/wp\/v2\/categories?post=2254"
            },
            {
                "taxonomy": "post_tag",
                "embeddable": true,
                "href": "http:\/\/centering.hr\/en\/wp-json\/wp\/v2\/tags?post=2254"
            }
        ],
        "curies": [
            {
                "name": "wp",
                "href": "https:\/\/api.w.org\/{rel}",
                "templated": true
            }
        ]
    }
}