{
    "id": 2240,
    "date": "2022-06-23T13:07:35",
    "date_gmt": "2022-06-23T13:07:35",
    "guid": {
        "rendered": "https:\/\/centering.hr\/?p=2240"
    },
    "modified": "2022-06-23T13:29:44",
    "modified_gmt": "2022-06-23T13:29:44",
    "slug": "rimac-nevera-zvijezda-dogadaja-fly-over",
    "status": "publish",
    "type": "post",
    "link": "http:\/\/centering.hr\/en\/2022\/06\/23\/rimac-nevera-zvijezda-dogadaja-fly-over\/",
    "title": {
        "rendered": "Rimac Nevera &#8211; zvijezda doga\u0111aja Fly Over"
    },
    "content": {
        "rendered": "<p><span dir=\"ltr\" role=\"presentation\">Najskuplji automobili na svijetu, zra\u010dne akrobacije, utrke ubrzanja i utrka <\/span><br role=\"presentation\" \/><span dir=\"ltr\" role=\"presentation\">elektri\u010dnog hiperautomobila Rimac Nevere i akrobatskog aviona &#8211; sve to smo <\/span><br role=\"presentation\" \/><span dir=\"ltr\" role=\"presentation\">imali priliku vidjeti iz prve ruke u Vara\u017edinu!<\/span><\/p>\n<p><span dir=\"ltr\" role=\"presentation\">Fly over je jedinstveni projekt koji za cilj ima promociju Hrvatske, a iza njega stoji <\/span><br role=\"presentation\" \/><span dir=\"ltr\" role=\"presentation\">tim hrvatske organizacije pod nazivom Clean Fellas. Rije\u010d je o trodnevnom <\/span><br role=\"presentation\" \/><span dir=\"ltr\" role=\"presentation\">susretu koji se odr\u017eao u lipnju 2022., a okupio je vlasnike raritetnih <\/span><br role=\"presentation\" \/><span dir=\"ltr\" role=\"presentation\">automobila koji dolaze iz \u010dak 16 europskih zemalja.<\/span><\/p>\n<p><span dir=\"ltr\" role=\"presentation\">U sklopu trodnevnog susreta vlasnika superautomobila koji se odr\u017eao od 10. Do <\/span><br role=\"presentation\" \/><span dir=\"ltr\" role=\"presentation\">12 lipnja u Vara\u017edinu, na vara\u017edinskom aerodromu smo svjedo\u010dili pravom <\/span><br role=\"presentation\" \/><span dir=\"ltr\" role=\"presentation\">spektaklu: snage i brzinu odmjerili su Rimac Nevera i akrobatski avion koji posti\u017ee<\/span><br role=\"presentation\" \/><span dir=\"ltr\" role=\"presentation\">brzine \u010dak do 420 kmh!<\/span><\/p>\n<p><span dir=\"ltr\" role=\"presentation\">Unato\u010d izrazito jakom i nepogodnom vjetru koji je ometao i voza\u010da Nevere i <\/span><br role=\"presentation\" \/><span dir=\"ltr\" role=\"presentation\">pilota, iskusni kormilari svojih bolida priredili su dvadesetominutni show za <\/span><br role=\"presentation\" \/><span dir=\"ltr\" role=\"presentation\">pam\u0107enje za 300-tinjak gledatelja koji su uspjeli do\u0107i do ulaznice za ovaj spektakl.<\/span><br role=\"presentation\" \/><span dir=\"ltr\" role=\"presentation\">U velikoj borbi u kojoj su i Nevera i avion postigli brzine iznad 350 kmh, kona\u010dnu i<\/span><br role=\"presentation\" \/><span dir=\"ltr\" role=\"presentation\">uvjerljivu pobjedu odnio je hiperautomobil razvijen u Svetoj Nedelji, Rimac <\/span><br role=\"presentation\" \/><span dir=\"ltr\" role=\"presentation\">Nevera.<\/span><\/p>\n<p><span dir=\"ltr\" role=\"presentation\">F.O. Centering je bila slu\u017ebena PR agencija doga\u0111aja.<\/span><\/p>\n<p>Hvala medijima na velikodu\u0161noj podr\u0161ci:<\/p>\n<p><a href=\"https:\/\/www.jutarnji.hr\/vijesti\/hrvatska\/show-kakav-se-rijetko-vida-rimac-nevera-sprasila-akrobatski-avion-u-spektakularnoj-utrci-15209488\">Jutarnji list<\/a><\/p>\n<p><a href=\"https:\/\/www.rtl.hr\/vijesti\/hrvatska\/spektal-kakav-se-rijetko-vida-utrka-rimceve-nevere-i-sportskog-aviona-pogledajte-tko-je-odnio-pobjedu-ed49b59c-e9a8-11ec-82a5-96e63390cfa3\">RTL\u00a0<\/a><\/p>\n<p><a href=\"https:\/\/zimo.dnevnik.hr\/clanak\/pogledajte-neobicnu-utrku-tko-je-brzi-nevera-ili-sportski-zrakoplov---728400.html\">NovaTV<\/a><\/p>",
        "protected": false
    },
    "excerpt": {
        "rendered": "<p>Najskuplji automobili na svijetu, zra\u010dne akrobacije, utrke ubrzanja i utrka elektri\u010dnog hiperautomobila Rimac Nevere i akrobatskog aviona &#8211; sve to smo imali priliku vidjeti iz prve ruke u Vara\u017edinu! Fly over je jedinstveni projekt koji za cilj ima promociju Hrvatske, a iza njega stoji tim hrvatske organizacije pod nazivom Clean Fellas. Rije\u010d je o trodnevnom [&hellip;]<\/p>",
        "protected": false
    },
    "author": 2,
    "featured_media": 2205,
    "comment_status": "open",
    "ping_status": "open",
    "sticky": false,
    "template": "",
    "format": "standard",
    "meta": {
        "footnotes": ""
    },
    "categories": [
        1
    ],
    "tags": [
        13,
        15,
        10,
        12,
        14
    ],
    "class_list": [
        "post-2240",
        "post",
        "type-post",
        "status-publish",
        "format-standard",
        "has-post-thumbnail",
        "hentry",
        "category-blog",
        "tag-avion",
        "tag-fly-over",
        "tag-pr",
        "tag-rimac",
        "tag-utrka"
    ],
    "blocksy_meta": {
        "styles_descriptor": {
            "styles": {
                "desktop": "",
                "tablet": "",
                "mobile": ""
            },
            "google_fonts": [],
            "version": 4
        }
    },
    "yoast_head": "<!-- This site is optimized with the Yoast SEO plugin v27.5 - https:\/\/yoast.com\/product\/yoast-seo-wordpress\/ -->\n<title>Rimac Nevera - zvijezda doga\u0111aja Fly Over - Centering<\/title>\n<meta name=\"description\" content=\"Hiperautomobil Rimac Nevera utrkivao se s avionom u sklopu doga\u0111aja Fly Over koji se odr\u017eao u Vara\u017edinu u Hrvatskoj u lipnju 2022. godine.\" \/>\n<meta name=\"robots\" content=\"index, follow, max-snippet:-1, max-image-preview:large, max-video-preview:-1\" \/>\n<link rel=\"canonical\" href=\"https:\/\/centering.hr\/en\/2022\/06\/23\/rimac-nevera-zvijezda-dogadaja-fly-over\/\" \/>\n<meta property=\"og:locale\" content=\"en_GB\" \/>\n<meta property=\"og:type\" content=\"article\" \/>\n<meta property=\"og:title\" content=\"Rimac Nevera - zvijezda doga\u0111aja Fly Over - Centering\" \/>\n<meta property=\"og:description\" content=\"Hiperautomobil Rimac Nevera utrkivao se s avionom u sklopu doga\u0111aja Fly Over koji se odr\u017eao u Vara\u017edinu u Hrvatskoj u lipnju 2022. godine.\" \/>\n<meta property=\"og:url\" content=\"https:\/\/centering.hr\/en\/2022\/06\/23\/rimac-nevera-zvijezda-dogadaja-fly-over\/\" \/>\n<meta property=\"og:site_name\" content=\"Centering\" \/>\n<meta property=\"article:published_time\" content=\"2022-06-23T13:07:35+00:00\" \/>\n<meta property=\"article:modified_time\" content=\"2022-06-23T13:29:44+00:00\" \/>\n<meta property=\"og:image\" content=\"https:\/\/centering.hr\/wp-content\/uploads\/2022\/06\/naslovna.jpg\" \/>\n\t<meta property=\"og:image:width\" content=\"2048\" \/>\n\t<meta property=\"og:image:height\" content=\"1287\" \/>\n\t<meta property=\"og:image:type\" content=\"image\/jpeg\" \/>\n<meta name=\"author\" content=\"author\" \/>\n<meta name=\"twitter:card\" content=\"summary_large_image\" \/>\n<meta name=\"twitter:label1\" content=\"Written by\" \/>\n\t<meta name=\"twitter:data1\" content=\"author\" \/>\n\t<meta name=\"twitter:label2\" content=\"Estimated reading time\" \/>\n\t<meta name=\"twitter:data2\" content=\"1 minute\" \/>\n<script type=\"application\/ld+json\" class=\"yoast-schema-graph\">{\"@context\":\"https:\\\/\\\/schema.org\",\"@graph\":[{\"@type\":\"Article\",\"@id\":\"https:\\\/\\\/centering.hr\\\/2022\\\/06\\\/23\\\/rimac-nevera-zvijezda-dogadaja-fly-over\\\/#article\",\"isPartOf\":{\"@id\":\"https:\\\/\\\/centering.hr\\\/2022\\\/06\\\/23\\\/rimac-nevera-zvijezda-dogadaja-fly-over\\\/\"},\"author\":{\"name\":\"author\",\"@id\":\"https:\\\/\\\/centering.hr\\\/#\\\/schema\\\/person\\\/bb27d9bdd135ba1f6a5752049e0ad0d1\"},\"headline\":\"Rimac Nevera &#8211; zvijezda doga\u0111aja Fly Over\",\"datePublished\":\"2022-06-23T13:07:35+00:00\",\"dateModified\":\"2022-06-23T13:29:44+00:00\",\"mainEntityOfPage\":{\"@id\":\"https:\\\/\\\/centering.hr\\\/2022\\\/06\\\/23\\\/rimac-nevera-zvijezda-dogadaja-fly-over\\\/\"},\"wordCount\":216,\"commentCount\":0,\"publisher\":{\"@id\":\"https:\\\/\\\/centering.hr\\\/#organization\"},\"image\":{\"@id\":\"https:\\\/\\\/centering.hr\\\/2022\\\/06\\\/23\\\/rimac-nevera-zvijezda-dogadaja-fly-over\\\/#primaryimage\"},\"thumbnailUrl\":\"https:\\\/\\\/centering.hr\\\/wp-content\\\/uploads\\\/2022\\\/06\\\/naslovna.jpg\",\"keywords\":[\"avion\",\"fly over\",\"pr\",\"rimac\",\"utrka\"],\"articleSection\":[\"blog\"],\"inLanguage\":\"en-GB\",\"potentialAction\":[{\"@type\":\"CommentAction\",\"name\":\"Comment\",\"target\":[\"https:\\\/\\\/centering.hr\\\/2022\\\/06\\\/23\\\/rimac-nevera-zvijezda-dogadaja-fly-over\\\/#respond\"]}]},{\"@type\":\"WebPage\",\"@id\":\"https:\\\/\\\/centering.hr\\\/2022\\\/06\\\/23\\\/rimac-nevera-zvijezda-dogadaja-fly-over\\\/\",\"url\":\"https:\\\/\\\/centering.hr\\\/2022\\\/06\\\/23\\\/rimac-nevera-zvijezda-dogadaja-fly-over\\\/\",\"name\":\"Rimac Nevera - zvijezda doga\u0111aja Fly Over - Centering\",\"isPartOf\":{\"@id\":\"https:\\\/\\\/centering.hr\\\/#website\"},\"primaryImageOfPage\":{\"@id\":\"https:\\\/\\\/centering.hr\\\/2022\\\/06\\\/23\\\/rimac-nevera-zvijezda-dogadaja-fly-over\\\/#primaryimage\"},\"image\":{\"@id\":\"https:\\\/\\\/centering.hr\\\/2022\\\/06\\\/23\\\/rimac-nevera-zvijezda-dogadaja-fly-over\\\/#primaryimage\"},\"thumbnailUrl\":\"https:\\\/\\\/centering.hr\\\/wp-content\\\/uploads\\\/2022\\\/06\\\/naslovna.jpg\",\"datePublished\":\"2022-06-23T13:07:35+00:00\",\"dateModified\":\"2022-06-23T13:29:44+00:00\",\"description\":\"Hiperautomobil Rimac Nevera utrkivao se s avionom u sklopu doga\u0111aja Fly Over koji se odr\u017eao u Vara\u017edinu u Hrvatskoj u lipnju 2022. godine.\",\"breadcrumb\":{\"@id\":\"https:\\\/\\\/centering.hr\\\/2022\\\/06\\\/23\\\/rimac-nevera-zvijezda-dogadaja-fly-over\\\/#breadcrumb\"},\"inLanguage\":\"en-GB\",\"potentialAction\":[{\"@type\":\"ReadAction\",\"target\":[\"https:\\\/\\\/centering.hr\\\/2022\\\/06\\\/23\\\/rimac-nevera-zvijezda-dogadaja-fly-over\\\/\"]}]},{\"@type\":\"ImageObject\",\"inLanguage\":\"en-GB\",\"@id\":\"https:\\\/\\\/centering.hr\\\/2022\\\/06\\\/23\\\/rimac-nevera-zvijezda-dogadaja-fly-over\\\/#primaryimage\",\"url\":\"https:\\\/\\\/centering.hr\\\/wp-content\\\/uploads\\\/2022\\\/06\\\/naslovna.jpg\",\"contentUrl\":\"https:\\\/\\\/centering.hr\\\/wp-content\\\/uploads\\\/2022\\\/06\\\/naslovna.jpg\",\"width\":2048,\"height\":1287,\"caption\":\"ririmac nevera, avion\"},{\"@type\":\"BreadcrumbList\",\"@id\":\"https:\\\/\\\/centering.hr\\\/2022\\\/06\\\/23\\\/rimac-nevera-zvijezda-dogadaja-fly-over\\\/#breadcrumb\",\"itemListElement\":[{\"@type\":\"ListItem\",\"position\":1,\"name\":\"Home\",\"item\":\"https:\\\/\\\/centering.hr\\\/hr\\\/\"},{\"@type\":\"ListItem\",\"position\":2,\"name\":\"Rimac Nevera &#8211; zvijezda doga\u0111aja Fly Over\"}]},{\"@type\":\"WebSite\",\"@id\":\"https:\\\/\\\/centering.hr\\\/#website\",\"url\":\"https:\\\/\\\/centering.hr\\\/\",\"name\":\"Centering\",\"description\":\"marketing i pr\",\"publisher\":{\"@id\":\"https:\\\/\\\/centering.hr\\\/#organization\"},\"potentialAction\":[{\"@type\":\"SearchAction\",\"target\":{\"@type\":\"EntryPoint\",\"urlTemplate\":\"https:\\\/\\\/centering.hr\\\/?s={search_term_string}\"},\"query-input\":{\"@type\":\"PropertyValueSpecification\",\"valueRequired\":true,\"valueName\":\"search_term_string\"}}],\"inLanguage\":\"en-GB\"},{\"@type\":\"Organization\",\"@id\":\"https:\\\/\\\/centering.hr\\\/#organization\",\"name\":\"F.O. Centering\",\"url\":\"https:\\\/\\\/centering.hr\\\/\",\"logo\":{\"@type\":\"ImageObject\",\"inLanguage\":\"en-GB\",\"@id\":\"https:\\\/\\\/centering.hr\\\/#\\\/schema\\\/logo\\\/image\\\/\",\"url\":\"https:\\\/\\\/centering.hr\\\/wp-content\\\/uploads\\\/2021\\\/12\\\/logo-foc-centering-white-stroke.png\",\"contentUrl\":\"https:\\\/\\\/centering.hr\\\/wp-content\\\/uploads\\\/2021\\\/12\\\/logo-foc-centering-white-stroke.png\",\"width\":800,\"height\":86,\"caption\":\"F.O. Centering\"},\"image\":{\"@id\":\"https:\\\/\\\/centering.hr\\\/#\\\/schema\\\/logo\\\/image\\\/\"},\"sameAs\":[\"https:\\\/\\\/www.instagram.com\\\/centering.agency\\\/?hl=hr\",\"https:\\\/\\\/hr.linkedin.com\\\/company\\\/centering-agency\"]},{\"@type\":\"Person\",\"@id\":\"https:\\\/\\\/centering.hr\\\/#\\\/schema\\\/person\\\/bb27d9bdd135ba1f6a5752049e0ad0d1\",\"name\":\"author\",\"image\":{\"@type\":\"ImageObject\",\"inLanguage\":\"en-GB\",\"@id\":\"https:\\\/\\\/secure.gravatar.com\\\/avatar\\\/6b922c25c93df51cf4395b443841a125582a6bddf0bd7a5ee3649f97989be079?s=96&d=mm&r=g\",\"url\":\"https:\\\/\\\/secure.gravatar.com\\\/avatar\\\/6b922c25c93df51cf4395b443841a125582a6bddf0bd7a5ee3649f97989be079?s=96&d=mm&r=g\",\"contentUrl\":\"https:\\\/\\\/secure.gravatar.com\\\/avatar\\\/6b922c25c93df51cf4395b443841a125582a6bddf0bd7a5ee3649f97989be079?s=96&d=mm&r=g\",\"caption\":\"author\"},\"url\":\"http:\\\/\\\/centering.hr\\\/en\\\/author\\\/author\\\/\"}]}<\/script>\n<!-- \/ Yoast SEO plugin. -->",
    "yoast_head_json": {
        "title": "Rimac Nevera - zvijezda doga\u0111aja Fly Over - Centering",
        "description": "Hiperautomobil Rimac Nevera utrkivao se s avionom u sklopu doga\u0111aja Fly Over koji se odr\u017eao u Vara\u017edinu u Hrvatskoj u lipnju 2022. godine.",
        "robots": {
            "index": "index",
            "follow": "follow",
            "max-snippet": "max-snippet:-1",
            "max-image-preview": "max-image-preview:large",
            "max-video-preview": "max-video-preview:-1"
        },
        "canonical": "https:\/\/centering.hr\/en\/2022\/06\/23\/rimac-nevera-zvijezda-dogadaja-fly-over\/",
        "og_locale": "en_GB",
        "og_type": "article",
        "og_title": "Rimac Nevera - zvijezda doga\u0111aja Fly Over - Centering",
        "og_description": "Hiperautomobil Rimac Nevera utrkivao se s avionom u sklopu doga\u0111aja Fly Over koji se odr\u017eao u Vara\u017edinu u Hrvatskoj u lipnju 2022. godine.",
        "og_url": "https:\/\/centering.hr\/en\/2022\/06\/23\/rimac-nevera-zvijezda-dogadaja-fly-over\/",
        "og_site_name": "Centering",
        "article_published_time": "2022-06-23T13:07:35+00:00",
        "article_modified_time": "2022-06-23T13:29:44+00:00",
        "og_image": [
            {
                "width": 2048,
                "height": 1287,
                "url": "https:\/\/centering.hr\/wp-content\/uploads\/2022\/06\/naslovna.jpg",
                "type": "image\/jpeg"
            }
        ],
        "author": "author",
        "twitter_card": "summary_large_image",
        "twitter_misc": {
            "Written by": "author",
            "Estimated reading time": "1 minute"
        },
        "schema": {
            "@context": "https:\/\/schema.org",
            "@graph": [
                {
                    "@type": "Article",
                    "@id": "https:\/\/centering.hr\/2022\/06\/23\/rimac-nevera-zvijezda-dogadaja-fly-over\/#article",
                    "isPartOf": {
                        "@id": "https:\/\/centering.hr\/2022\/06\/23\/rimac-nevera-zvijezda-dogadaja-fly-over\/"
                    },
                    "author": {
                        "name": "author",
                        "@id": "https:\/\/centering.hr\/#\/schema\/person\/bb27d9bdd135ba1f6a5752049e0ad0d1"
                    },
                    "headline": "Rimac Nevera &#8211; zvijezda doga\u0111aja Fly Over",
                    "datePublished": "2022-06-23T13:07:35+00:00",
                    "dateModified": "2022-06-23T13:29:44+00:00",
                    "mainEntityOfPage": {
                        "@id": "https:\/\/centering.hr\/2022\/06\/23\/rimac-nevera-zvijezda-dogadaja-fly-over\/"
                    },
                    "wordCount": 216,
                    "commentCount": 0,
                    "publisher": {
                        "@id": "https:\/\/centering.hr\/#organization"
                    },
                    "image": {
                        "@id": "https:\/\/centering.hr\/2022\/06\/23\/rimac-nevera-zvijezda-dogadaja-fly-over\/#primaryimage"
                    },
                    "thumbnailUrl": "https:\/\/centering.hr\/wp-content\/uploads\/2022\/06\/naslovna.jpg",
                    "keywords": [
                        "avion",
                        "fly over",
                        "pr",
                        "rimac",
                        "utrka"
                    ],
                    "articleSection": [
                        "blog"
                    ],
                    "inLanguage": "en-GB",
                    "potentialAction": [
                        {
                            "@type": "CommentAction",
                            "name": "Comment",
                            "target": [
                                "https:\/\/centering.hr\/2022\/06\/23\/rimac-nevera-zvijezda-dogadaja-fly-over\/#respond"
                            ]
                        }
                    ]
                },
                {
                    "@type": "WebPage",
                    "@id": "https:\/\/centering.hr\/2022\/06\/23\/rimac-nevera-zvijezda-dogadaja-fly-over\/",
                    "url": "https:\/\/centering.hr\/2022\/06\/23\/rimac-nevera-zvijezda-dogadaja-fly-over\/",
                    "name": "Rimac Nevera - zvijezda doga\u0111aja Fly Over - Centering",
                    "isPartOf": {
                        "@id": "https:\/\/centering.hr\/#website"
                    },
                    "primaryImageOfPage": {
                        "@id": "https:\/\/centering.hr\/2022\/06\/23\/rimac-nevera-zvijezda-dogadaja-fly-over\/#primaryimage"
                    },
                    "image": {
                        "@id": "https:\/\/centering.hr\/2022\/06\/23\/rimac-nevera-zvijezda-dogadaja-fly-over\/#primaryimage"
                    },
                    "thumbnailUrl": "https:\/\/centering.hr\/wp-content\/uploads\/2022\/06\/naslovna.jpg",
                    "datePublished": "2022-06-23T13:07:35+00:00",
                    "dateModified": "2022-06-23T13:29:44+00:00",
                    "description": "Hiperautomobil Rimac Nevera utrkivao se s avionom u sklopu doga\u0111aja Fly Over koji se odr\u017eao u Vara\u017edinu u Hrvatskoj u lipnju 2022. godine.",
                    "breadcrumb": {
                        "@id": "https:\/\/centering.hr\/2022\/06\/23\/rimac-nevera-zvijezda-dogadaja-fly-over\/#breadcrumb"
                    },
                    "inLanguage": "en-GB",
                    "potentialAction": [
                        {
                            "@type": "ReadAction",
                            "target": [
                                "https:\/\/centering.hr\/2022\/06\/23\/rimac-nevera-zvijezda-dogadaja-fly-over\/"
                            ]
                        }
                    ]
                },
                {
                    "@type": "ImageObject",
                    "inLanguage": "en-GB",
                    "@id": "https:\/\/centering.hr\/2022\/06\/23\/rimac-nevera-zvijezda-dogadaja-fly-over\/#primaryimage",
                    "url": "https:\/\/centering.hr\/wp-content\/uploads\/2022\/06\/naslovna.jpg",
                    "contentUrl": "https:\/\/centering.hr\/wp-content\/uploads\/2022\/06\/naslovna.jpg",
                    "width": 2048,
                    "height": 1287,
                    "caption": "ririmac nevera, avion"
                },
                {
                    "@type": "BreadcrumbList",
                    "@id": "https:\/\/centering.hr\/2022\/06\/23\/rimac-nevera-zvijezda-dogadaja-fly-over\/#breadcrumb",
                    "itemListElement": [
                        {
                            "@type": "ListItem",
                            "position": 1,
                            "name": "Home",
                            "item": "https:\/\/centering.hr\/hr\/"
                        },
                        {
                            "@type": "ListItem",
                            "position": 2,
                            "name": "Rimac Nevera &#8211; zvijezda doga\u0111aja Fly Over"
                        }
                    ]
                },
                {
                    "@type": "WebSite",
                    "@id": "https:\/\/centering.hr\/#website",
                    "url": "https:\/\/centering.hr\/",
                    "name": "Centering",
                    "description": "marketing i pr",
                    "publisher": {
                        "@id": "https:\/\/centering.hr\/#organization"
                    },
                    "potentialAction": [
                        {
                            "@type": "SearchAction",
                            "target": {
                                "@type": "EntryPoint",
                                "urlTemplate": "https:\/\/centering.hr\/?s={search_term_string}"
                            },
                            "query-input": {
                                "@type": "PropertyValueSpecification",
                                "valueRequired": true,
                                "valueName": "search_term_string"
                            }
                        }
                    ],
                    "inLanguage": "en-GB"
                },
                {
                    "@type": "Organization",
                    "@id": "https:\/\/centering.hr\/#organization",
                    "name": "F.O. Centering",
                    "url": "https:\/\/centering.hr\/",
                    "logo": {
                        "@type": "ImageObject",
                        "inLanguage": "en-GB",
                        "@id": "https:\/\/centering.hr\/#\/schema\/logo\/image\/",
                        "url": "https:\/\/centering.hr\/wp-content\/uploads\/2021\/12\/logo-foc-centering-white-stroke.png",
                        "contentUrl": "https:\/\/centering.hr\/wp-content\/uploads\/2021\/12\/logo-foc-centering-white-stroke.png",
                        "width": 800,
                        "height": 86,
                        "caption": "F.O. Centering"
                    },
                    "image": {
                        "@id": "https:\/\/centering.hr\/#\/schema\/logo\/image\/"
                    },
                    "sameAs": [
                        "https:\/\/www.instagram.com\/centering.agency\/?hl=hr",
                        "https:\/\/hr.linkedin.com\/company\/centering-agency"
                    ]
                },
                {
                    "@type": "Person",
                    "@id": "https:\/\/centering.hr\/#\/schema\/person\/bb27d9bdd135ba1f6a5752049e0ad0d1",
                    "name": "author",
                    "image": {
                        "@type": "ImageObject",
                        "inLanguage": "en-GB",
                        "@id": "https:\/\/secure.gravatar.com\/avatar\/6b922c25c93df51cf4395b443841a125582a6bddf0bd7a5ee3649f97989be079?s=96&d=mm&r=g",
                        "url": "https:\/\/secure.gravatar.com\/avatar\/6b922c25c93df51cf4395b443841a125582a6bddf0bd7a5ee3649f97989be079?s=96&d=mm&r=g",
                        "contentUrl": "https:\/\/secure.gravatar.com\/avatar\/6b922c25c93df51cf4395b443841a125582a6bddf0bd7a5ee3649f97989be079?s=96&d=mm&r=g",
                        "caption": "author"
                    },
                    "url": "http:\/\/centering.hr\/en\/author\/author\/"
                }
            ]
        }
    },
    "_links": {
        "self": [
            {
                "href": "http:\/\/centering.hr\/en\/wp-json\/wp\/v2\/posts\/2240",
                "targetHints": {
                    "allow": [
                        "GET"
                    ]
                }
            }
        ],
        "collection": [
            {
                "href": "http:\/\/centering.hr\/en\/wp-json\/wp\/v2\/posts"
            }
        ],
        "about": [
            {
                "href": "http:\/\/centering.hr\/en\/wp-json\/wp\/v2\/types\/post"
            }
        ],
        "author": [
            {
                "embeddable": true,
                "href": "http:\/\/centering.hr\/en\/wp-json\/wp\/v2\/users\/2"
            }
        ],
        "replies": [
            {
                "embeddable": true,
                "href": "http:\/\/centering.hr\/en\/wp-json\/wp\/v2\/comments?post=2240"
            }
        ],
        "version-history": [
            {
                "count": 6,
                "href": "http:\/\/centering.hr\/en\/wp-json\/wp\/v2\/posts\/2240\/revisions"
            }
        ],
        "predecessor-version": [
            {
                "id": 2248,
                "href": "http:\/\/centering.hr\/en\/wp-json\/wp\/v2\/posts\/2240\/revisions\/2248"
            }
        ],
        "wp:featuredmedia": [
            {
                "embeddable": true,
                "href": "http:\/\/centering.hr\/en\/wp-json\/wp\/v2\/media\/2205"
            }
        ],
        "wp:attachment": [
            {
                "href": "http:\/\/centering.hr\/en\/wp-json\/wp\/v2\/media?parent=2240"
            }
        ],
        "wp:term": [
            {
                "taxonomy": "category",
                "embeddable": true,
                "href": "http:\/\/centering.hr\/en\/wp-json\/wp\/v2\/categories?post=2240"
            },
            {
                "taxonomy": "post_tag",
                "embeddable": true,
                "href": "http:\/\/centering.hr\/en\/wp-json\/wp\/v2\/tags?post=2240"
            }
        ],
        "curies": [
            {
                "name": "wp",
                "href": "https:\/\/api.w.org\/{rel}",
                "templated": true
            }
        ]
    }
}